{"id":10096,"date":"2026-08-31T20:51:42","date_gmt":"2026-08-31T17:51:42","guid":{"rendered":"https:\/\/chexia.info\/?p=10096"},"modified":"2026-08-31T20:51:42","modified_gmt":"2026-08-31T17:51:42","slug":"vdala-jsem-se-za-umirajiciho-muze-protoze-to-bylo-jeho-posledni-prani-po-jeho-pohrbu-mi-pravnik-predal-obalku-a-rekl-carl-vas-znal-cely-zivot","status":"publish","type":"post","link":"https:\/\/chexia.info\/?p=10096","title":{"rendered":"Vdala jsem se za um\u00edraj\u00edc\u00edho mu\u017ee, proto\u017ee to bylo jeho posledn\u00ed p\u0159\u00e1n\u00ed. Po jeho poh\u0159bu mi pr\u00e1vn\u00edk p\u0159edal ob\u00e1lku a \u0159ekl: \u201eCarl v\u00e1s znal cel\u00fd \u017eivot.\u201c"},"content":{"rendered":"\n<p class=\"wp-block-paragraph\">Nikdy jsem si nemyslela, \u017ee se n\u011bkdy provd\u00e1m za mu\u017ee, kter\u00e9ho zn\u00e1m jen n\u011bkolik m\u011bs\u00edc\u016f.U\u017e v\u016fbec ne za \u010dlov\u011bka, o kter\u00e9m v\u0161ichni v\u011bd\u011bli, \u017ee mu zb\u00fdvaj\u00ed posledn\u00ed t\u00fddny \u017eivota.<\/p>\n\n\n\n<p class=\"wp-block-paragraph\">P\u0159esto jsem to ud\u011blala.<\/p>\n\n\n\n<p class=\"wp-block-paragraph\">A dodnes nev\u00edm, jestli to bylo nejpodivn\u011bj\u0161\u00ed rozhodnut\u00ed m\u00e9ho \u017eivota, nebo to nejd\u016fle\u017eit\u011bj\u0161\u00ed.<\/p>\n\n\n\n<p class=\"wp-block-paragraph\">T\u0159ikr\u00e1t t\u00fddn\u011b jsem chodila jako dobrovolnice do m\u00edstn\u00edho programu pro lidi v termin\u00e1ln\u00edm stadiu nemoci. Nepracovala jsem jako zdravotn\u00ed sestra ani jako l\u00e9ka\u0159ka. Prost\u011b jsem pom\u00e1hala tam, kde bylo pot\u0159eba.<\/p>\n\n\n\n<p class=\"wp-block-paragraph\">N\u011bkomu jsem nakoupila.<\/p>\n\n\n\n<p class=\"wp-block-paragraph\">Jin\u00e9mu uklidila byt.<\/p>\n\n\n\n<p class=\"wp-block-paragraph\">N\u011bkdy sta\u010dilo jen sed\u011bt vedle \u010dlov\u011bka, kter\u00fd necht\u011bl b\u00fdt s\u00e1m.<\/p>\n\n\n\n<p class=\"wp-block-paragraph\">Pr\u00e1v\u011b tam jsem poznala Carla.<\/p>\n\n\n\n<p class=\"wp-block-paragraph\">Bylo mu n\u011bco p\u0159es \u010dty\u0159icet.<\/p>\n\n\n\n<p class=\"wp-block-paragraph\">M\u011bl rakovinu v pokro\u010dil\u00e9m stadiu a l\u00e9ka\u0159i u\u017e mu ned\u00e1vali mnoho \u010dasu.<\/p>\n\n\n\n<p class=\"wp-block-paragraph\">\u017dil s\u00e1m v mal\u00e9m dom\u011b na kraji m\u011bsta.<\/p>\n\n\n\n<p class=\"wp-block-paragraph\">Kdy\u017e jsem ho nav\u0161t\u00edvila poprv\u00e9, \u010dekala jsem ml\u010denliv\u00e9ho a zatrpkl\u00e9ho \u010dlov\u011bka.<\/p>\n\n\n\n<p class=\"wp-block-paragraph\">Carl m\u011b v\u0161ak p\u0159ekvapil.<\/p>\n\n\n\n<p class=\"wp-block-paragraph\">\u201eTak vy jste ta dobrovolnice, kter\u00e1 mi m\u00e1 zachr\u00e1nit dom\u00e1cnost?\u201c zeptal se s \u00fasm\u011bvem.<\/p>\n\n\n\n<p class=\"wp-block-paragraph\">\u201eSp\u00ed\u0161 v\u00e1\u0161 d\u0159ez,\u201c odpov\u011bd\u011bla jsem.<\/p>\n\n\n\n<p class=\"wp-block-paragraph\">Rozesm\u00e1l se.<\/p>\n\n\n\n<p class=\"wp-block-paragraph\">A pr\u00e1v\u011b tak na\u0161e p\u0159\u00e1telstv\u00ed za\u010dalo.<\/p>\n\n\n\n<hr class=\"wp-block-separator has-alpha-channel-opacity\"\/>\n\n\n\n<p class=\"wp-block-paragraph\">B\u011bhem dal\u0161\u00edch t\u00fddn\u016f jsme si na sebe zvykli.<\/p>\n\n\n\n<p class=\"wp-block-paragraph\">Nosila jsem mu j\u00eddlo.<\/p>\n\n\n\n<p class=\"wp-block-paragraph\">Pom\u00e1hala jsem s pr\u00e1dlem.<\/p>\n\n\n\n<p class=\"wp-block-paragraph\">Jednou jsem mu dokonce opravila poli\u010dku, kter\u00e1 se n\u011bkolik m\u011bs\u00edc\u016f nebezpe\u010dn\u011b nakl\u00e1n\u011bla.<\/p>\n\n\n\n<p class=\"wp-block-paragraph\">Carl mi za to poka\u017ed\u00e9 d\u011bkoval.<\/p>\n\n\n\n<p class=\"wp-block-paragraph\">Ale postupn\u011b jsem si uv\u011bdomila, \u017ee moje n\u00e1v\u0161t\u011bvy u\u017e d\u00e1vno nejsou jen dobrovolnickou povinnost\u00ed.<\/p>\n\n\n\n<p class=\"wp-block-paragraph\">Za\u010dala jsem se t\u011b\u0161it na na\u0161e rozhovory.<\/p>\n\n\n\n<p class=\"wp-block-paragraph\">Hr\u00e1li jsme deskov\u00e9 hry.<\/p>\n\n\n\n<p class=\"wp-block-paragraph\">H\u00e1dali se o filmy.<\/p>\n\n\n\n<p class=\"wp-block-paragraph\">Poslouchali star\u00e9 desky.<\/p>\n\n\n\n<figure class=\"wp-block-image size-large\"><img loading=\"lazy\" decoding=\"async\" width=\"819\" height=\"1024\" src=\"https:\/\/chexia.info\/wp-content\/uploads\/2026\/08\/cozy_wedding_portrait-819x1024.jpg\" alt=\"\" class=\"wp-image-10097\" srcset=\"https:\/\/chexia.info\/wp-content\/uploads\/2026\/08\/cozy_wedding_portrait-819x1024.jpg 819w, https:\/\/chexia.info\/wp-content\/uploads\/2026\/08\/cozy_wedding_portrait-240x300.jpg 240w, https:\/\/chexia.info\/wp-content\/uploads\/2026\/08\/cozy_wedding_portrait-768x960.jpg 768w, https:\/\/chexia.info\/wp-content\/uploads\/2026\/08\/cozy_wedding_portrait-1229x1536.jpg 1229w, https:\/\/chexia.info\/wp-content\/uploads\/2026\/08\/cozy_wedding_portrait.jpg 1408w\" sizes=\"auto, (max-width: 819px) 100vw, 819px\" \/><\/figure>\n\n\n\n<p class=\"wp-block-paragraph\">Carl m\u011bl zvl\u00e1\u0161tn\u00ed talent vypr\u00e1v\u011bt o oby\u010dejn\u00fdch v\u011bcech tak, \u017ee zn\u011bly zaj\u00edmav\u011b.<\/p>\n\n\n\n<p class=\"wp-block-paragraph\">Jednoho ve\u010dera jsme sed\u011bli u \u010daje.<\/p>\n\n\n\n<p class=\"wp-block-paragraph\">Carl polo\u017eil hrnek na st\u016fl.<\/p>\n\n\n\n<p class=\"wp-block-paragraph\">\u201eM\u016f\u017eu se t\u011b na n\u011bco zeptat?\u201c<\/p>\n\n\n\n<p class=\"wp-block-paragraph\">\u201eSamoz\u0159ejm\u011b.\u201c<\/p>\n\n\n\n<p class=\"wp-block-paragraph\">Dlouho ml\u010del.<\/p>\n\n\n\n<p class=\"wp-block-paragraph\">Pak \u0159ekl:<\/p>\n\n\n\n<p class=\"wp-block-paragraph\">\u201eVezme\u0161 si m\u011b?\u201c<\/p>\n\n\n\n<p class=\"wp-block-paragraph\">Myslela jsem, \u017ee \u017eertuje.<\/p>\n\n\n\n<p class=\"wp-block-paragraph\">\u201eCo\u017ee?\u201c<\/p>\n\n\n\n<p class=\"wp-block-paragraph\">\u201eV\u00edm, jak to zn\u00ed.\u201c<\/p>\n\n\n\n<p class=\"wp-block-paragraph\">\u201eCarle, my se zn\u00e1me jen n\u011bkolik m\u011bs\u00edc\u016f.\u201c<\/p>\n\n\n\n<p class=\"wp-block-paragraph\">\u201eJ\u00e1 v\u00edm.\u201c<\/p>\n\n\n\n<p class=\"wp-block-paragraph\">\u201eA ty um\u00edr\u00e1\u0161.\u201c<\/p>\n\n\n\n<p class=\"wp-block-paragraph\">\u201eTo tak\u00e9 v\u00edm.\u201c<\/p>\n\n\n\n<p class=\"wp-block-paragraph\">D\u00edval se na m\u011b neobvykle v\u00e1\u017en\u011b.<\/p>\n\n\n\n<p class=\"wp-block-paragraph\">\u201ePr\u00e1v\u011b proto se pt\u00e1m.\u201c<\/p>\n\n\n\n<p class=\"wp-block-paragraph\">Vysv\u011btlil mi, \u017ee nechce zem\u0159\u00edt s pocitem, \u017ee cel\u00fd jeho \u017eivot skon\u010dil \u00fapln\u011b s\u00e1m.<\/p>\n\n\n\n<p class=\"wp-block-paragraph\">\u201eNemus\u00ed\u0161 m\u011b milovat,\u201c \u0159ekl ti\u0161e. \u201eJen nechci, aby moje posledn\u00ed dny byly pr\u00e1zdn\u00e9.\u201c<\/p>\n\n\n\n<p class=\"wp-block-paragraph\">Nev\u011bd\u011bla jsem, co \u0159\u00edct.<\/p>\n\n\n\n<p class=\"wp-block-paragraph\">Bylo to \u0161\u00edlen\u00e9.<\/p>\n\n\n\n<p class=\"wp-block-paragraph\">Nepraktick\u00e9.<\/p>\n\n\n\n<p class=\"wp-block-paragraph\">Naprost\u00fd opak toho, jak jsem si p\u0159edstavovala man\u017eelstv\u00ed.<\/p>\n\n\n\n<p class=\"wp-block-paragraph\">Ale v jeho o\u010d\u00edch nebyla manipulace.<\/p>\n\n\n\n<p class=\"wp-block-paragraph\">Byla v nich jen prosba.<\/p>\n\n\n\n<p class=\"wp-block-paragraph\">Nakonec jsem souhlasila.<\/p>\n\n\n\n<hr class=\"wp-block-separator has-alpha-channel-opacity\"\/>\n\n\n\n<p class=\"wp-block-paragraph\">Druh\u00fd den p\u0159i\u0161el do jeho domu kn\u011bz.<\/p>\n\n\n\n<p class=\"wp-block-paragraph\">Nem\u011bli jsme svatebn\u00ed \u0161aty.<\/p>\n\n\n\n<p class=\"wp-block-paragraph\">Nem\u011bli jsme hosty.<\/p>\n\n\n\n<p class=\"wp-block-paragraph\">Nem\u011bli jsme kv\u011btiny.<\/p>\n\n\n\n<p class=\"wp-block-paragraph\">J\u00e1 si obl\u00e9kla jednoduch\u00e9 b\u00edl\u00e9 tri\u010dko.<\/p>\n\n\n\n<p class=\"wp-block-paragraph\">Carl m\u011bl ko\u0161ili, kter\u00e1 mu byla trochu voln\u00e1, proto\u017ee b\u011bhem nemoci v\u00fdrazn\u011b zhubl.<\/p>\n\n\n\n<p class=\"wp-block-paragraph\">St\u00e1li jsme v ob\u00fdvac\u00edm pokoji.<\/p>\n\n\n\n<p class=\"wp-block-paragraph\">Kn\u011bz pronesl n\u011bkolik kr\u00e1tk\u00fdch v\u011bt.<\/p>\n\n\n\n<p class=\"wp-block-paragraph\">A potom jsme byli man\u017eel\u00e9.<\/p>\n\n\n\n<p class=\"wp-block-paragraph\">Carl se na m\u011b pod\u00edval.<\/p>\n\n\n\n<p class=\"wp-block-paragraph\">Usm\u00edval se.<\/p>\n\n\n\n<p class=\"wp-block-paragraph\">Takov\u00fd \u00fasm\u011bv jsem u n\u011bj nikdy p\u0159edt\u00edm nevid\u011bla.<\/p>\n\n\n\n<p class=\"wp-block-paragraph\">\u201eD\u011bkuji,\u201c za\u0161eptal.<\/p>\n\n\n\n<p class=\"wp-block-paragraph\">\u201eZa co?\u201c<\/p>\n\n\n\n<p class=\"wp-block-paragraph\">\u201e\u017de jsi \u0159ekla ano.\u201c<\/p>\n\n\n\n<p class=\"wp-block-paragraph\">O deset dn\u00ed pozd\u011bji zem\u0159el.<\/p>\n\n\n\n<hr class=\"wp-block-separator has-alpha-channel-opacity\"\/>\n\n\n\n<p class=\"wp-block-paragraph\">Jeho smrt m\u011b zas\u00e1hla mnohem v\u00edc, ne\u017e jsem o\u010dek\u00e1vala.<\/p>\n\n\n\n<p class=\"wp-block-paragraph\">Ne proto, \u017ee jsem byla jeho man\u017eelkou.<\/p>\n\n\n\n<p class=\"wp-block-paragraph\">Ale proto\u017ee jsem ztratila \u010dlov\u011bka, kter\u00fd se b\u011bhem n\u011bkolika m\u011bs\u00edc\u016f stal sou\u010d\u00e1st\u00ed m\u00e9ho \u017eivota.<\/p>\n\n\n\n<p class=\"wp-block-paragraph\">Po poh\u0159bu jsem se vr\u00e1tila dom\u016f.<\/p>\n\n\n\n<p class=\"wp-block-paragraph\">Byla jsem vy\u010derpan\u00e1.<\/p>\n\n\n\n<p class=\"wp-block-paragraph\">Sed\u011bla jsem v kuchyni a d\u00edvala se do pr\u00e1zdn\u00e9ho hrnku.<\/p>\n\n\n\n<p class=\"wp-block-paragraph\">Pak n\u011bkdo zaklepal.<\/p>\n\n\n\n<p class=\"wp-block-paragraph\">Otev\u0159ela jsem dve\u0159e.<\/p>\n\n\n\n<p class=\"wp-block-paragraph\">P\u0159ed domem st\u00e1l mu\u017e v tmav\u00e9m obleku.<\/p>\n\n\n\n<p class=\"wp-block-paragraph\">\u201eJmenuji se David Miller. Byl jsem Carl\u016fv pr\u00e1vn\u00edk.\u201c<\/p>\n\n\n\n<p class=\"wp-block-paragraph\">P\u0159ik\u00fdvla jsem.<\/p>\n\n\n\n<figure class=\"wp-block-image is-resized\"><img decoding=\"async\" src=\"https:\/\/vengria.info\/wp-content\/uploads\/2026\/08\/weadszcsdzcx-687x1024.jpg\" alt=\"\" class=\"wp-image-18029\" style=\"aspect-ratio:0.6708984375;width:687px;height:auto\"\/><\/figure>\n\n\n\n<p class=\"wp-block-paragraph\">\u201eMohu v\u00e1m n\u011bco p\u0159edat?\u201c<\/p>\n\n\n\n<p class=\"wp-block-paragraph\">Podal mi velkou ob\u00e1lku.<\/p>\n\n\n\n<p class=\"wp-block-paragraph\">\u201eCarl m\u011b po\u017e\u00e1dal, abych v\u00e1m ji doru\u010dil a\u017e po jeho poh\u0159bu.\u201c<\/p>\n\n\n\n<p class=\"wp-block-paragraph\">\u201eCo je uvnit\u0159?\u201c<\/p>\n\n\n\n<p class=\"wp-block-paragraph\">\u201eDopis.\u201c<\/p>\n\n\n\n<p class=\"wp-block-paragraph\">\u201eOd Carla?\u201c<\/p>\n\n\n\n<p class=\"wp-block-paragraph\">\u201eAno.\u201c<\/p>\n\n\n\n<p class=\"wp-block-paragraph\">Pak se na m\u011b pod\u00edval.<\/p>\n\n\n\n<p class=\"wp-block-paragraph\">\u201eAle je tu je\u0161t\u011b n\u011bco.\u201c<\/p>\n\n\n\n<p class=\"wp-block-paragraph\">\u201eCo?\u201c<\/p>\n\n\n\n<p class=\"wp-block-paragraph\">\u201eCarl m\u011b v\u00fdslovn\u011b po\u017e\u00e1dal, abych v\u00e1m p\u0159edal pravdu o jeho skute\u010dn\u00e9 toto\u017enosti.\u201c<\/p>\n\n\n\n<p class=\"wp-block-paragraph\">Zamra\u010dila jsem se.<\/p>\n\n\n\n<p class=\"wp-block-paragraph\">\u201eJeho skute\u010dn\u00e9 toto\u017enosti?\u201c<\/p>\n\n\n\n<p class=\"wp-block-paragraph\">\u201eAno.\u201c<\/p>\n\n\n\n<p class=\"wp-block-paragraph\">\u201eV\u017edy\u0165 jsem znala jeho jm\u00e9no.\u201c<\/p>\n\n\n\n<p class=\"wp-block-paragraph\">Pr\u00e1vn\u00edk zavrt\u011bl hlavou.<\/p>\n\n\n\n<p class=\"wp-block-paragraph\">\u201eMyslela jste si, \u017ee ho zn\u00e1te.\u201c<\/p>\n\n\n\n<hr class=\"wp-block-separator has-alpha-channel-opacity\"\/>\n\n\n\n<p class=\"wp-block-paragraph\">Zav\u0159ela jsem dve\u0159e.<\/p>\n\n\n\n<p class=\"wp-block-paragraph\">Sedla si ke stolu.<\/p>\n\n\n\n<p class=\"wp-block-paragraph\">Ob\u00e1lku jsem dr\u017eela n\u011bkolik minut, ne\u017e jsem ji dok\u00e1zala otev\u0159\u00edt.<\/p>\n\n\n\n<p class=\"wp-block-paragraph\">Uvnit\u0159 byl jedin\u00fd list pap\u00edru.<\/p>\n\n\n\n<p class=\"wp-block-paragraph\">Prvn\u00ed \u0159\u00e1dek m\u011b okam\u017eit\u011b zmrazil.<\/p>\n\n\n\n<p class=\"wp-block-paragraph\">\u201eNa\u0161e setk\u00e1n\u00ed nebylo n\u00e1hodn\u00e9.\u201c<\/p>\n\n\n\n<p class=\"wp-block-paragraph\">Srdce se mi rozbu\u0161ilo.<\/p>\n\n\n\n<p class=\"wp-block-paragraph\">\u010cetla jsem d\u00e1l.<\/p>\n\n\n\n<p class=\"wp-block-paragraph\">\u201eZn\u00e1m t\u011b mnohem d\u00e9le, ne\u017e si mysl\u00ed\u0161.\u201c<\/p>\n\n\n\n<p class=\"wp-block-paragraph\">Zvedla jsem hlavu.<\/p>\n\n\n\n<p class=\"wp-block-paragraph\">\u201eCo to m\u00e1 znamenat?\u201c<\/p>\n\n\n\n<p class=\"wp-block-paragraph\">Pokra\u010dovala jsem.<\/p>\n\n\n\n<p class=\"wp-block-paragraph\">\u201eMo\u017en\u00e1 si vzpomene\u0161 na sv\u00e9ho otce.\u201c<\/p>\n\n\n\n<p class=\"wp-block-paragraph\">P\u0159estala jsem d\u00fdchat.<\/p>\n\n\n\n<p class=\"wp-block-paragraph\">M\u016fj otec zem\u0159el, kdy\u017e jsem byla mal\u00e1.<\/p>\n\n\n\n<p class=\"wp-block-paragraph\">Carl ho nikdy nemohl zn\u00e1t.<\/p>\n\n\n\n<p class=\"wp-block-paragraph\">Alespo\u0148 jsem si to myslela.<\/p>\n\n\n\n<p class=\"wp-block-paragraph\">Dal\u0161\u00ed \u0159\u00e1dek zn\u011bl:<\/p>\n\n\n\n<p class=\"wp-block-paragraph\">\u201eTv\u016fj otec m\u011b p\u0159ed t\u0159iceti lety po\u017e\u00e1dal o jednu v\u011bc.\u201c<\/p>\n\n\n\n<p class=\"wp-block-paragraph\">Ruce se mi za\u010daly t\u0159\u00e1st.<\/p>\n\n\n\n<p class=\"wp-block-paragraph\">\u201eA j\u00e1 sv\u016fj slib nikdy neporu\u0161il.\u201c<\/p>\n\n\n\n<hr class=\"wp-block-separator has-alpha-channel-opacity\"\/>\n\n\n\n<p class=\"wp-block-paragraph\">Vr\u00e1tila jsem se k pr\u00e1vn\u00edkovi.<\/p>\n\n\n\n<p class=\"wp-block-paragraph\">\u201ePot\u0159ebuji v\u011bd\u011bt, kdo Carl skute\u010dn\u011b byl.\u201c<\/p>\n\n\n\n<p class=\"wp-block-paragraph\">David si povzdechl.<\/p>\n\n\n\n<p class=\"wp-block-paragraph\">\u201eTo zjist\u00edte z dokument\u016f.\u201c<\/p>\n\n\n\n<p class=\"wp-block-paragraph\">Polo\u017eil p\u0159ede m\u011b slo\u017eku.<\/p>\n\n\n\n<p class=\"wp-block-paragraph\">Uvnit\u0159 byly star\u00e9 fotografie.<\/p>\n\n\n\n<p class=\"wp-block-paragraph\">Na prvn\u00ed byla mlad\u0161\u00ed verze Carla.<\/p>\n\n\n\n<p class=\"wp-block-paragraph\">Ale nebyl s\u00e1m.<\/p>\n\n\n\n<p class=\"wp-block-paragraph\">Vedle n\u011bj st\u00e1l m\u016fj otec.<\/p>\n\n\n\n<p class=\"wp-block-paragraph\">Ztuhla jsem.<\/p>\n\n\n\n<p class=\"wp-block-paragraph\">\u201eKde to bylo?\u201c<\/p>\n\n\n\n<p class=\"wp-block-paragraph\">\u201eV nemocnici.\u201c<\/p>\n\n\n\n<p class=\"wp-block-paragraph\">\u201ePro\u010d byli spolu?\u201c<\/p>\n\n\n\n<p class=\"wp-block-paragraph\">David odpov\u011bd\u011bl:<\/p>\n\n\n\n<p class=\"wp-block-paragraph\">\u201eProto\u017ee v\u00e1\u0161 otec a Carl spolupracovali.\u201c<\/p>\n\n\n\n<p class=\"wp-block-paragraph\">\u201eNa \u010dem?\u201c<\/p>\n\n\n\n<p class=\"wp-block-paragraph\">\u201eNa projektu, o kter\u00e9m jste nikdy nem\u011bla v\u011bd\u011bt.\u201c<\/p>\n\n\n\n<p class=\"wp-block-paragraph\">Uk\u00e1zal mi dal\u0161\u00ed fotografii.<\/p>\n\n\n\n<p class=\"wp-block-paragraph\">Byla na n\u00ed moje matka.<\/p>\n\n\n\n<p class=\"wp-block-paragraph\">Byla mnohem mlad\u0161\u00ed.<\/p>\n\n\n\n<p class=\"wp-block-paragraph\">A vedle n\u00ed st\u00e1l Ca<\/p>\n\n\n\n<p class=\"wp-block-paragraph\"><\/p>\n","protected":false},"excerpt":{"rendered":"Nikdy jsem si nemyslela, \u017ee se n\u011bkdy provd\u00e1m za mu\u017ee, kter\u00e9ho zn\u00e1m jen n\u011bkolik m\u011bs\u00edc\u016f.U\u017e v\u016fbec ne za \u010dlov\u011bka, o kter\u00e9m v\u0161ichni v\u011bd\u011bli, \n<a class=\"moretag\" href=\"https:\/\/chexia.info\/?p=10096\"> [...]<\/a>","protected":false},"author":1,"featured_media":10097,"comment_status":"open","ping_status":"open","sticky":false,"template":"","format":"standard","meta":{"footnotes":""},"categories":[1],"tags":[],"class_list":["post-10096","post","type-post","status-publish","format-standard","has-post-thumbnail","hentry","category-1"],"_links":{"self":[{"href":"https:\/\/chexia.info\/index.php?rest_route=\/wp\/v2\/posts\/10096","targetHints":{"allow":["GET"]}}],"collection":[{"href":"https:\/\/chexia.info\/index.php?rest_route=\/wp\/v2\/posts"}],"about":[{"href":"https:\/\/chexia.info\/index.php?rest_route=\/wp\/v2\/types\/post"}],"author":[{"embeddable":true,"href":"https:\/\/chexia.info\/index.php?rest_route=\/wp\/v2\/users\/1"}],"replies":[{"embeddable":true,"href":"https:\/\/chexia.info\/index.php?rest_route=%2Fwp%2Fv2%2Fcomments&post=10096"}],"version-history":[{"count":1,"href":"https:\/\/chexia.info\/index.php?rest_route=\/wp\/v2\/posts\/10096\/revisions"}],"predecessor-version":[{"id":10098,"href":"https:\/\/chexia.info\/index.php?rest_route=\/wp\/v2\/posts\/10096\/revisions\/10098"}],"wp:featuredmedia":[{"embeddable":true,"href":"https:\/\/chexia.info\/index.php?rest_route=\/wp\/v2\/media\/10097"}],"wp:attachment":[{"href":"https:\/\/chexia.info\/index.php?rest_route=%2Fwp%2Fv2%2Fmedia&parent=10096"}],"wp:term":[{"taxonomy":"category","embeddable":true,"href":"https:\/\/chexia.info\/index.php?rest_route=%2Fwp%2Fv2%2Fcategories&post=10096"},{"taxonomy":"post_tag","embeddable":true,"href":"https:\/\/chexia.info\/index.php?rest_route=%2Fwp%2Fv2%2Ftags&post=10096"}],"curies":[{"name":"wp","href":"https:\/\/api.w.org\/{rel}","templated":true}]}}