{"id":10119,"date":"2026-09-01T21:18:49","date_gmt":"2026-09-01T18:18:49","guid":{"rendered":"https:\/\/chexia.info\/?p=10119"},"modified":"2026-09-01T21:18:49","modified_gmt":"2026-09-01T18:18:49","slug":"muj-syn-prisel-o-dum-firmu-i-vetsinu-casu-se-svymi-detmi-pote-co-ho-byvala-manzelka-obvinila-ze-je-psychicky-nestabilni-kdyz-jsem-ho-nasel-zil-s-dvojcaty-v-aute-nesliboval-jsem-pomstu-rekl-jsem","status":"publish","type":"post","link":"https:\/\/chexia.info\/?p=10119","title":{"rendered":"M\u016fj syn p\u0159i\u0161el o d\u016fm, firmu i v\u011bt\u0161inu \u010dasu se sv\u00fdmi d\u011btmi pot\u00e9, co ho b\u00fdval\u00e1 man\u017eelka obvinila, \u017ee je psychicky nestabiln\u00ed. Kdy\u017e jsem ho na\u0161el, \u017eil s dvoj\u010daty v aut\u011b. Nesliboval jsem pomstu. \u0158ekl jsem: \u201e\u0158ekni mi v\u0161echno a nikoho ne\u0161et\u0159i.\u201c"},"content":{"rendered":"\n<p class=\"wp-block-paragraph\">Let\u011bl jsem p\u0159es celou zemi, abych p\u0159ekvapil sv\u00e9ho syna k narozenin\u00e1m. M\u00edsto toho jsem ho b\u011bhem chicagsk\u00e9 zimy na\u0161el sp\u00e1t v aut\u011b se sv\u00fdmi p\u011btilet\u00fdmi dvoj\u010daty. Kdy\u017e jsem se zeptal, pro\u010d mi nikdy nezavolal, \u0159ekl, \u017ee se p\u0159\u00edli\u0161 styd\u011bl. Pod\u00edval jsem se na n\u011bj a \u0159ekl: \u201eT\u00edmhle kon\u010d\u00ed\u0161. V tom aut\u011b u\u017e sp\u00e1t nebude\u0161.\u201c<\/p>\n\n\n\n<h2 class=\"wp-block-heading\">\u010c\u00c1ST 1 \u2014 AUTO NA OKRAJI LETI\u0160TN\u00cdHO PARKOVI\u0160T\u011a<\/h2>\n\n\n\n<p class=\"wp-block-paragraph\">B\u0159eznov\u00fd v\u00edtr se proh\u00e1n\u011bl dlouhodob\u00fdm parkovi\u0161t\u011bm leti\u0161t\u011b Chicago O\u2019Hare a p\u0159in\u00e1\u0161el s sebou vlhk\u00fd, pronikav\u00fd chlad, kter\u00fd se v\u00e1m dostane a\u017e do kost\u00ed d\u0159\u00edv, ne\u017e si v\u016fbec uv\u011bdom\u00edte, jak moc se t\u0159esete.<\/p>\n\n\n\n<p class=\"wp-block-paragraph\">P\u0159ilet\u011bl jsem p\u0159es noc ze Seattlu, proto\u017ee m\u016fj syn Daniel Foster m\u011bl t\u0159ic\u00e1t\u00e9 druh\u00e9 narozeniny. Cht\u011bl jsem ho p\u0159ekvapit d\u0159\u00edv, ne\u017e str\u00e1v\u00ed dal\u0161\u00ed narozeniny p\u0159edst\u00edr\u00e1n\u00edm, \u017ee telefon\u00e1t od sv\u00e9ho otce pova\u017euje za dostate\u010dn\u00fd.<\/p>\n\n\n\n<p class=\"wp-block-paragraph\">\u010cekal jsem k\u00e1vu, sm\u00edch a sv\u00fdch p\u011btilet\u00fdch vnuky, kte\u0159\u00ed se mi vrhnou kolem nohou je\u0161t\u011b d\u0159\u00edv, ne\u017e projdu vstupn\u00edmi dve\u0159mi.<\/p>\n\n\n\n<p class=\"wp-block-paragraph\">M\u00edsto toho jsem na\u0161el Daniela sp\u00e1t uvnit\u0159 st\u0159\u00edbrn\u00e9 Hondy Civic.<\/p>\n\n\n\n<p class=\"wp-block-paragraph\">Auto st\u00e1lo v nejlevn\u011bj\u0161\u00ed \u010d\u00e1sti dlouhodob\u00e9ho parkovi\u0161t\u011b, dost daleko od termin\u00e1lu, tak\u017ee by si ho v\u011bt\u0161ina cestuj\u00edc\u00edch nikdy nev\u0161imla. Okna byla zevnit\u0159 pokryt\u00e1 p\u00e1rou a kdy\u017e jsem poznal pozn\u00e1vac\u00ed zna\u010dku, sev\u0159elo se mi srdce d\u0159\u00edv, ne\u017e moje mysl dok\u00e1zala p\u0159ijmout, co vlastn\u011b vid\u00edm.<\/p>\n\n\n\n<p class=\"wp-block-paragraph\">P\u0159istoupil jsem bl\u00ed\u017e a pod\u00edval se skrz mal\u00fd \u010dist\u00fd kousek skla.<\/p>\n\n\n\n<p class=\"wp-block-paragraph\">Daniel byl zhroucen\u00fd op\u0159en\u00fd o dve\u0159e \u0159idi\u010de.<\/p>\n\n\n\n<p class=\"wp-block-paragraph\">Na zadn\u00edm sedadle, schoulen\u00ed pod jednou silnou dekou, le\u017eeli moji dvoj\u010data, Caleb a Noah.<\/p>\n\n\n\n<p class=\"wp-block-paragraph\">Kolem nich bylo oble\u010den\u00ed, batohy, obaly od rychl\u00e9ho ob\u010derstven\u00ed, ply\u0161ov\u00e1 zv\u00ed\u0159\u00e1tka a plastov\u00e9 ta\u0161ky z obchodu.<\/p>\n\n\n\n<p class=\"wp-block-paragraph\">Na n\u011bkolik vte\u0159in jsem zapomn\u011bl na zimu.<\/p>\n\n\n\n<p class=\"wp-block-paragraph\">Pak jsem prudce zaklepal na okno.<\/p>\n\n\n\n<figure class=\"wp-block-image size-large\"><img loading=\"lazy\" decoding=\"async\" width=\"819\" height=\"1024\" src=\"https:\/\/chexia.info\/wp-content\/uploads\/2026\/09\/autumn_car_nap-1-819x1024.jpg\" alt=\"\" class=\"wp-image-10120\" srcset=\"https:\/\/chexia.info\/wp-content\/uploads\/2026\/09\/autumn_car_nap-1-819x1024.jpg 819w, https:\/\/chexia.info\/wp-content\/uploads\/2026\/09\/autumn_car_nap-1-240x300.jpg 240w, https:\/\/chexia.info\/wp-content\/uploads\/2026\/09\/autumn_car_nap-1-768x960.jpg 768w, https:\/\/chexia.info\/wp-content\/uploads\/2026\/09\/autumn_car_nap-1-1229x1536.jpg 1229w, https:\/\/chexia.info\/wp-content\/uploads\/2026\/09\/autumn_car_nap-1.jpg 1408w\" sizes=\"auto, (max-width: 819px) 100vw, 819px\" \/><\/figure>\n\n\n\n<p class=\"wp-block-paragraph\">Daniel sebou trhl a probudil se s panikou \u010dlov\u011bka, kter\u00fd se nau\u010dil sp\u00e1t velmi lehce. Kdy\u017e m\u011b poznal, strach z jeho tv\u00e1\u0159e zmizel a nahradilo ho n\u011bco je\u0161t\u011b hor\u0161\u00edho.<\/p>\n\n\n\n<p class=\"wp-block-paragraph\">Stud.<\/p>\n\n\n\n<p class=\"wp-block-paragraph\">Otev\u0159el dve\u0159e.<\/p>\n\n\n\n<p class=\"wp-block-paragraph\">\u201eTati? Co tady d\u011bl\u00e1\u0161?\u201c<\/p>\n\n\n\n<p class=\"wp-block-paragraph\">Jeho hlas byl chraplav\u00fd, vy\u010derpan\u00fd a zn\u011bl mnohem star\u0161\u00ed ne\u017e dvaat\u0159icet let.<\/p>\n\n\n\n<p class=\"wp-block-paragraph\">\u201eP\u0159ilet\u011bl jsem za tebou k narozenin\u00e1m. Ale lep\u0161\u00ed ot\u00e1zka je, pro\u010d m\u016fj syn a moji vnuci sp\u00ed na parkovi\u0161ti.\u201c<\/p>\n\n\n\n<p class=\"wp-block-paragraph\">Daniel sklopil o\u010di.<\/p>\n\n\n\n<p class=\"wp-block-paragraph\">\u201eJe to komplikovan\u00e9.\u201c<\/p>\n\n\n\n<p class=\"wp-block-paragraph\">\u201e\u017dije\u0161 v aut\u011b se dv\u011bma p\u011btilet\u00fdmi chlapci b\u011bhem chicagsk\u00e9 zimy. U\u017e jsme d\u00e1vno za hranic\u00ed toho, \u010demu se \u0159\u00edk\u00e1 komplikovan\u00e9.\u201c<\/p>\n\n\n\n<p class=\"wp-block-paragraph\">Ze zadn\u00edho sedadla se ozval pohyb.<\/p>\n\n\n\n<p class=\"wp-block-paragraph\">Caleb se posadil a promnul si o\u010di.<\/p>\n\n\n\n<p class=\"wp-block-paragraph\">\u201eD\u011bdo?\u201c<\/p>\n\n\n\n<p class=\"wp-block-paragraph\">To slovo m\u011b m\u00e1lem zlomilo.<\/p>\n\n\n\n<p class=\"wp-block-paragraph\">P\u0159inutil jsem sv\u016fj obli\u010dej k n\u011b\u017en\u011bj\u0161\u00edmu v\u00fdrazu.<\/p>\n\n\n\n<p class=\"wp-block-paragraph\">\u201eDobr\u00e9 r\u00e1no, chlape. Co kdybys ty a Noah \u0161li se mnou na sn\u00eddani, zat\u00edmco j\u00e1 s t\u00e1tou zjist\u00edme, co bude d\u00e1l?\u201c<\/p>\n\n\n\n<p class=\"wp-block-paragraph\">Noah se vedle n\u011bj probudil a okam\u017eit\u011b sev\u0159el sv\u00e9ho ply\u0161ov\u00e9ho medv\u011bda.<\/p>\n\n\n\n<p class=\"wp-block-paragraph\">Danielovi se naplnily o\u010di slzami.<\/p>\n\n\n\n<p class=\"wp-block-paragraph\">\u201eMysl\u00ed si, \u017ee kempujeme.\u201c<\/p>\n\n\n\n<p class=\"wp-block-paragraph\">Pod\u00edval jsem se na propadl\u00e9 tv\u00e1\u0159e sv\u00e9ho syna, obno\u0161en\u00e9 boty a oble\u010den\u00ed nacpan\u00e9 v n\u00e1kupn\u00edch ta\u0161k\u00e1ch.<\/p>\n\n\n\n<p class=\"wp-block-paragraph\">A\u0165 se stalo cokoli, stud ho dr\u017eel v tichosti u\u017e p\u0159\u00edli\u0161 dlouho.<\/p>\n\n\n\n<p class=\"wp-block-paragraph\">U\u017e jsem mu to d\u00e1l nedovolil.<\/p>\n\n\n\n<hr class=\"wp-block-separator has-alpha-channel-opacity\"\/>\n\n\n\n<h2 class=\"wp-block-heading\">\u010c\u00c1ST 2 \u2014 V\u0160ECHNO, O CO P\u0158I\u0160EL<\/h2>\n\n\n\n<p class=\"wp-block-paragraph\">O hodinu pozd\u011bji jsme sed\u011bli v restauraci na leti\u0161ti. Dvoj\u010data likvidovala pala\u010dinky a Daniel sv\u00edral ob\u011bma rukama \u0161\u00e1lek \u010dern\u00e9 k\u00e1vy.<\/p>\n\n\n\n<p class=\"wp-block-paragraph\">Naklonil jsem se k n\u011bmu.<\/p>\n\n\n\n<p class=\"wp-block-paragraph\">\u201eZa\u010dni od za\u010d\u00e1tku a nikoho ne\u0161et\u0159i.\u201c<\/p>\n\n\n\n<p class=\"wp-block-paragraph\">Jeho b\u00fdval\u00e1 man\u017eelka Lauren Whitakerov\u00e1 ho opustila p\u0159ed t\u0159emi m\u011bs\u00edci.<\/p>\n\n\n\n<p class=\"wp-block-paragraph\">Podle Daniela bylo samotn\u00e9 opu\u0161t\u011bn\u00ed tou nejm\u00e9n\u011b ni\u010divou \u010d\u00e1st\u00ed cel\u00e9 v\u011bci.<\/p>\n\n\n\n<p class=\"wp-block-paragraph\">\u0160est m\u011bs\u00edc\u016f p\u0159ed rozchodem Lauren p\u0159esv\u011bd\u010dila Daniela, aby p\u0159evedl vlastnictv\u00ed jejich domu na p\u0159edm\u011bst\u00ed v\u00fdhradn\u011b na ni. Tvrdila, \u017ee t\u00edm d\u016fm ochr\u00e1n\u00ed, pokud se jeho technologick\u00fd startup dostane do probl\u00e9m\u016f s v\u011b\u0159iteli.<\/p>\n\n\n\n<p class=\"wp-block-paragraph\">Daniel j\u00ed v\u011b\u0159il.<\/p>\n\n\n\n<p class=\"wp-block-paragraph\">Lauren vy\u0159izovala velkou \u010d\u00e1st dom\u00e1c\u00edch dokument\u016f a tak\u00e9 zna\u010dnou \u010d\u00e1st ka\u017edodenn\u00edho \u00fa\u010detnictv\u00ed firmy, kterou spole\u010dn\u011b vybudovali.<\/p>\n\n\n\n<p class=\"wp-block-paragraph\">Pak jednoho odpoledne Daniel p\u0159i\u0161el dom\u016f a zjistil, \u017ee byly vym\u011bn\u011bny z\u00e1mky.<\/p>\n\n\n\n<p class=\"wp-block-paragraph\">P\u0159ed domem \u010dekal doru\u010dovatel soudn\u00edch p\u00edsemnost\u00ed s nouzov\u00fdm ochrann\u00fdm p\u0159\u00edkazem.<\/p>\n\n\n\n<p class=\"wp-block-paragraph\">Lauren tvrdila, \u017ee se Daniel stal psychicky nestabiln\u00edm, v\u00fdhru\u017en\u00fdm, kontroluj\u00edc\u00edm a \u017ee se ho d\u011bti boj\u00ed.<\/p>\n\n\n\n<p class=\"wp-block-paragraph\">\u201eM\u011bli zpr\u00e1vy,\u201c \u0159ekl Daniel. \u201eScreenshoty, kter\u00e9 \u00fadajn\u011b dokazovaly, \u017ee j\u00ed vyhro\u017euji, mluv\u00edm o tom, \u017ee si vezmu kluky, a \u0159\u00edk\u00e1m v\u011bci, kter\u00e9 jsem nikdy ne\u0159ekl.\u201c<\/p>\n\n\n\n<p class=\"wp-block-paragraph\">\u201eKdo ji podporoval?\u201c<\/p>\n\n\n\n<p class=\"wp-block-paragraph\">\u201eJej\u00ed rodi\u010de. Hlavn\u011b jej\u00ed matka Diane.\u201c<\/p>\n\n\n\n<p class=\"wp-block-paragraph\">P\u0159\u00edbuzn\u00ed spojen\u00ed s Lauren tvrdili, \u017ee Daniela vid\u011bli na ve\u0159ejnosti jednat podivn\u011b a nevyzpytateln\u011b.<\/p>\n\n\n\n<p class=\"wp-block-paragraph\">Prvn\u00ed soudn\u00ed jedn\u00e1n\u00ed dopadlo \u0161patn\u011b.<\/p>\n\n\n\n<p class=\"wp-block-paragraph\">Jeho do\u010dasn\u00fd kontakt s dvoj\u010daty byl omezen na n\u00e1v\u0161t\u011bvy pod dohledem.<\/p>\n\n\n\n<p class=\"wp-block-paragraph\">Dvakr\u00e1t t\u00fddn\u011b se Daniel v\u00eddal s Calebem a Noahem pod dohledem Diane Whitakerov\u00e9, zat\u00edmco pokra\u010doval spor o p\u00e9\u010di.<\/p>\n\n\n\n<p class=\"wp-block-paragraph\">Pak p\u0159i\u0161ly pen\u00edze.<\/p>\n\n\n\n<p class=\"wp-block-paragraph\">O n\u011bkolik let d\u0159\u00edve jsem do Danielova startupu investoval 150 000 dolar\u016f.<\/p>\n\n\n\n<p class=\"wp-block-paragraph\">Lauren m\u011bla kontrolu nad firemn\u00edmi \u00fa\u010dty.<\/p>\n\n\n\n<p class=\"wp-block-paragraph\">Den p\u0159ed pod\u00e1n\u00edm \u017e\u00e1dosti o ochrann\u00fd p\u0159\u00edkaz byl t\u00e9m\u011b\u0159 ve\u0161ker\u00fd zb\u00fdvaj\u00edc\u00ed kapit\u00e1l firmy p\u0159eveden na investi\u010dn\u00ed \u00fa\u010det spojen\u00fd s jej\u00edm otcem Charlesem Whitakerem, v\u00fdznamn\u00fdm developerem.<\/p>\n\n\n\n<p class=\"wp-block-paragraph\">Lauren transakci ozna\u010dila jako splacen\u00ed podnikatelsk\u00e9 p\u016fj\u010dky.<\/p>\n\n\n\n<p class=\"wp-block-paragraph\">Daniel \u017e\u00e1dnou smlouvu o p\u016fj\u010dce nem\u011bl.<\/p>\n\n\n\n<p class=\"wp-block-paragraph\">\u017d\u00e1dnou fakturu.<\/p>\n\n\n\n<p class=\"wp-block-paragraph\">Nic, co by dokazovalo, \u017ee Charles n\u011bkdy firm\u011b tyto pen\u00edze p\u016fj\u010dil.<\/p>\n\n\n\n<p class=\"wp-block-paragraph\">\u201eCo se stalo s firmou?\u201c<\/p>\n\n\n\n<p class=\"wp-block-paragraph\">Daniel se zad\u00edval sm\u011brem k ranveji.<\/p>\n\n\n\n<p class=\"wp-block-paragraph\">\u201eLauren obvolala klienty a \u0159ekla jim, \u017ee m\u00e1m n\u011bjak\u00e9 psychick\u00e9 zhroucen\u00ed. Smlouvy za\u010daly mizet. Nemohl jsem vyplatit mzdy a firma zkrachovala.\u201c<\/p>\n\n\n\n<p class=\"wp-block-paragraph\">Za\u010dal si br\u00e1t do\u010dasn\u00e9 manu\u00e1ln\u00ed pr\u00e1ce a z\u00e1rove\u0148 se sna\u017eil v\u0161echno napravit.<\/p>\n\n\n\n<p class=\"wp-block-paragraph\">Bez spolehliv\u00e9ho p\u0159\u00edjmu a stabiln\u00edho bydlen\u00ed bylo st\u00e1le t\u011b\u017e\u0161\u00ed p\u0159esv\u011bd\u010dit soud, \u017ee se jeho situace zlep\u0161ila.<\/p>\n\n\n\n<p class=\"wp-block-paragraph\">\u201ePro\u010d jsi mi nezavolal?\u201c<\/p>\n\n\n\n<p class=\"wp-block-paragraph\">Daniel se na m\u011b kone\u010dn\u011b pod\u00edval.<\/p>\n\n\n\n<p class=\"wp-block-paragraph\">\u201eProto\u017ee jsi do m\u011b investoval, tati. P\u0159i\u0161el jsem o firmu, d\u016fm, v\u011bt\u0161inu kontaktu s kluky\u2026 a myslel jsem si, \u017ee kdy\u017e ti to \u0159eknu, budu muset p\u0159iznat, \u017ee v\u0161ichni m\u011bli pravdu.\u201c<\/p>\n\n\n\n<p class=\"wp-block-paragraph\">Vztek ve mn\u011b rostl, ale nebyl nam\u00ed\u0159en\u00fd proti n\u011bmu.<\/p>\n\n\n\n<p class=\"wp-block-paragraph\">\u201eKdokoli t\u011b p\u0159esv\u011bd\u010dil, \u017ee po\u017e\u00e1dat sv\u00e9ho otce o pomoc znamen\u00e1 selhat, u\u017e ti vzal dost.\u201c<\/p>\n\n\n\n<p class=\"wp-block-paragraph\">Daniel sklopil o\u010di.<\/p>\n\n\n\n<p class=\"wp-block-paragraph\">Nat\u00e1hl jsem ruku p\u0159es st\u016fl.<\/p>\n\n\n\n<p class=\"wp-block-paragraph\">\u201eT\u00edmhle kon\u010d\u00ed\u0161. V tom aut\u011b u\u017e sp\u00e1t nebude\u0161.\u201c<\/p>\n\n\n\n<hr class=\"wp-block-separator has-alpha-channel-opacity\"\/>\n\n\n\n<h2 class=\"wp-block-heading\">\u010c\u00c1ST 3 \u2014 M\u00cdSTO V\u00c1LKY JSME ZA\u010cALI STAV\u011aT P\u0158\u00cdPAD<\/h2>\n\n\n\n<p class=\"wp-block-paragraph\">Ten ve\u010der spali Daniel a dvoj\u010data v opravdov\u00fdch postel\u00edch v m\u00e9m hotelov\u00e9m apartm\u00e1.<\/p>\n\n\n\n<p class=\"wp-block-paragraph\">Ud\u011blal jsem dva telefon\u00e1ty.<\/p>\n\n\n\n<p class=\"wp-block-paragraph\">Prvn\u00ed Davidu Parkovi, firemn\u00edmu pr\u00e1vn\u00edkovi, kter\u00e9ho jsem znal d\u00edky t\u0159iceti let\u016fm obchodn\u00edch kontakt\u016f.<\/p>\n\n\n\n<p class=\"wp-block-paragraph\">Druh\u00fd detektivce Karen Blakeov\u00e9, star\u00e9 p\u0159\u00edtelkyni z Chicaga, kter\u00e1 mi kdysi pomohla v dob\u011b, kdy m\u011bla probl\u00e9my vlastn\u00ed rodina.<\/p>\n\n\n\n<p class=\"wp-block-paragraph\">David m\u011b vyslechl bez p\u0159eru\u0161ov\u00e1n\u00ed.<\/p>\n\n\n\n<p class=\"wp-block-paragraph\">\u201ePot\u0159ebuje\u0161 pr\u00e1vn\u00edka na rodinn\u00e9 pr\u00e1vo, kter\u00fd rozum\u00ed finan\u010dn\u00edm podvod\u016fm. Ne n\u011bkoho, kdo to bude \u0159e\u0161it jako oby\u010dejn\u00fd spor o d\u011bti.\u201c<\/p>\n\n\n\n<p class=\"wp-block-paragraph\">\u201eDej mi toho nejlep\u0161\u00edho, koho zn\u00e1\u0161.\u201c<\/p>\n\n\n\n<p class=\"wp-block-paragraph\">\u201eMelissu Grantovou.\u201c<\/p>\n\n\n\n<p class=\"wp-block-paragraph\">Melissa pracovala v kancel\u00e1\u0159i v centru m\u011bsta se sklen\u011bn\u00fdmi st\u011bnami a vypadala na \u010dty\u0159icet. M\u011bla soust\u0159ed\u011bn\u00fd v\u00fdraz \u010dlov\u011bka, kter\u00fd d\u00e1v\u00e1 p\u0159ednost d\u016fkaz\u016fm p\u0159ed divadlem.<\/p>\n\n\n\n<p class=\"wp-block-paragraph\">Daniel j\u00ed t\u00e9m\u011b\u0159 hodinu vysv\u011btloval v\u0161echno, co se stalo.<\/p>\n\n\n\n<p class=\"wp-block-paragraph\">Kdy\u017e skon\u010dil, Melissa odlo\u017eila tablet.<\/p>\n\n\n\n<p class=\"wp-block-paragraph\">\u201eOdd\u011bl\u00edme to, co pova\u017eujete za pravdu, od toho, co m\u016f\u017eeme dok\u00e1zat. Chov\u00e1n\u00ed va\u0161\u00ed b\u00fdval\u00e9 man\u017eelky m\u016f\u017ee zahrnovat finan\u010dn\u00ed n\u00e1tlak, fale\u0161n\u00e9 d\u016fkazy a zasahov\u00e1n\u00ed do va\u0161eho vztahu s d\u011btmi. Soudy ale reaguj\u00ed na dokumenty, v\u011brohodnost a nejlep\u0161\u00ed z\u00e1jem d\u011bt\u00ed.\u201c<\/p>\n\n\n\n<p class=\"wp-block-paragraph\">Daniel p\u0159ik\u00fdvl.<\/p>\n\n\n\n<p class=\"wp-block-paragraph\">\u201eM\u016f\u017eeme n\u011bco z toho dok\u00e1zat?\u201c<\/p>\n\n\n\n<p class=\"wp-block-paragraph\">\u201eZa\u010dneme dokumenty, ke kter\u00fdm m\u00e1te z\u00e1konn\u00e9 pr\u00e1vo, z\u00e1znamy oper\u00e1tor\u016f, finan\u010dn\u00ed dokumenty z\u00edskan\u00e9 v r\u00e1mci dokazov\u00e1n\u00ed, pracovn\u00ed z\u00e1znamy, d\u016fkazy o stabiln\u00edm bydlen\u00ed, l\u00e9ka\u0159sk\u00e9 z\u00e1znamy, k jejich\u017e pou\u017eit\u00ed d\u00e1te souhlas, a historii n\u00e1v\u0161t\u011bv pod dohledem.\u201c<\/p>\n\n\n\n<p class=\"wp-block-paragraph\">Daniel p\u0159iznal, \u017ee v p\u0159edchoz\u00edm roce nav\u0161t\u011bvoval terapeuta, proto\u017ee stres z veden\u00ed startupu se stal nesnesiteln\u00fdm.<\/p>\n\n\n\n<p class=\"wp-block-paragraph\">Jeho terapeutka, doktorka Priya Shahov\u00e1, zdokumentovala \u00fazkost a vy\u010derp\u00e1n\u00ed, ale \u017e\u00e1dn\u00e9 n\u00e1siln\u00e9 my\u0161lenky ani psychotick\u00e9 p\u0159\u00edznaky.<\/p>\n\n\n\n<p class=\"wp-block-paragraph\">Melissa se dokonce usm\u00e1la.<\/p>\n\n\n\n<p class=\"wp-block-paragraph\">\u201eVyhled\u00e1n\u00ed pomoci kv\u016fli stresu nen\u00ed d\u016fkazem toho, \u017ee jste byl nebezpe\u010dn\u00fd. Pokud to spr\u00e1vn\u011b p\u0159edlo\u017e\u00edme, m\u016f\u017ee to naopak uk\u00e1zat, \u017ee jste si uv\u011bdomoval tlak a zodpov\u011bdn\u011b jste hledal pomoc.\u201c<\/p>\n\n\n\n<p class=\"wp-block-paragraph\">B\u011bhem n\u011bkolika n\u00e1sleduj\u00edc\u00edch t\u00fddn\u016f jsem Danielovi pronajal skromn\u00fd t\u0159\u00edpokojov\u00fd byt v Evanstonu, dost bl\u00edzko b\u011b\u017en\u00e9ho \u017eivota chlapc\u016f, aby nikdo nemohl tvrdit, \u017ee se je sna\u017e\u00ed odv\u00e9zt pry\u010d.<\/p>\n\n\n\n<p class=\"wp-block-paragraph\">B\u00fdval\u00fd kolega mu nab\u00eddl pr\u00e1ci v technologick\u00e9 spole\u010dnosti pot\u00e9, co si pro\u0161el jeho pracovn\u00ed histori\u00ed a odm\u00edtl uv\u011b\u0159it zv\u011bstem kolem rozvodu.<\/p>\n\n\n\n<p class=\"wp-block-paragraph\">Nikdy jsme nep\u0159edst\u00edrali, \u017ee moje pomoc Daniela okam\u017eit\u011b postavila na vlastn\u00ed nohy.<\/p>\n\n\n\n<p class=\"wp-block-paragraph\">V\u0161echno jsme poctiv\u011b zdokumentovali.<\/p>\n\n\n\n<p class=\"wp-block-paragraph\">Rodinn\u00e1 pomoc byla sou\u010d\u00e1st\u00ed jeho stability, nikoli n\u011bco, co by se m\u011blo skr\u00fdvat.<\/p>\n\n\n\n<p class=\"wp-block-paragraph\">Mezit\u00edm Melissa za\u010dala sledovat tok pen\u011bz.<\/p>\n\n\n\n<hr class=\"wp-block-separator has-alpha-channel-opacity\"\/>\n\n\n\n<h2 class=\"wp-block-heading\">\u010c\u00c1ST 4 \u2014 FINAN\u010cN\u00cd STOPA<\/h2>\n\n\n\n<p class=\"wp-block-paragraph\">Detektivka Blakeov\u00e1 n\u00e1m samoz\u0159ejm\u011b nemohla poskytnout d\u016fv\u011brn\u00e9 policejn\u00ed informace ani vyr\u00e1b\u011bt d\u016fkazy pro spor o d\u011bti.<\/p>\n\n\n\n<p class=\"wp-block-paragraph\">Mohla n\u00e1s v\u0161ak nasm\u011brovat k ve\u0159ejn\u00fdm z\u00e1znam\u016fm a vysv\u011btlit, kter\u00e9 skute\u010dnosti si zaslou\u017e\u00ed odborn\u00e9 prov\u011b\u0159en\u00ed.<\/p>\n\n\n\n<p class=\"wp-block-paragraph\">Jm\u00e9no Charlese Whitakera se objevovalo v minulosti v n\u011bkolika finan\u010dn\u00edch sporech t\u00fdkaj\u00edc\u00edch se neobvykle strukturovan\u00fdch obchodn\u00edch transakc\u00ed.<\/p>\n\n\n\n<p class=\"wp-block-paragraph\">Nic ve\u0159ejn\u011b dostupn\u00e9ho nedokazovalo, \u017ee Danielovi n\u011bco ukradl.<\/p>\n\n\n\n<p class=\"wp-block-paragraph\">Byl v\u0161ak dostatek d\u016fvod\u016f, pro\u010d dokumenty d\u016fkladn\u011b prov\u011b\u0159it.<\/p>\n\n\n\n<p class=\"wp-block-paragraph\">Melissa najala Ethana Cho, forenzn\u00edho \u00fa\u010detn\u00edho, jeho\u017e klidn\u00e9 vystupov\u00e1n\u00ed zp\u016fsobovalo, \u017ee vypadal sp\u00ed\u0161 jako univerzitn\u00ed knihovn\u00edk ne\u017e \u010dlov\u011bk schopn\u00fd rozebrat finan\u010dn\u00ed p\u0159\u00edb\u011bh transakci po transakci.<\/p>\n\n\n\n<p class=\"wp-block-paragraph\">O t\u0159i t\u00fddny pozd\u011bji polo\u017eil na konferen\u010dn\u00ed st\u016fl sch\u00e9ma.<\/p>\n\n\n\n<p class=\"wp-block-paragraph\">\u201eP\u016fvodn\u00ed investice 150 000 dolar\u016f se do startupu dostala p\u0159esn\u011b tak, jak m\u011bla. Pozd\u011bji v\u0161ak z firemn\u00edho \u00fa\u010dtu ode\u0161lo 150 000 dolar\u016f na \u00fa\u010det kontrolovan\u00fd Charlesem Whitakerem. Platba byla ozna\u010dena jako \u201avyrovn\u00e1n\u00ed s dodavatelem\u2018.\u201c<\/p>\n\n\n\n<p class=\"wp-block-paragraph\">Naklonil jsem se dop\u0159edu.<\/p>\n\n\n\n<p class=\"wp-block-paragraph\">\u201eKde je smlouva s dodavatelem?\u201c<\/p>\n\n\n\n<p class=\"wp-block-paragraph\">\u201eNena\u0161li jsme ji. \u017d\u00e1dnou fakturu, \u017e\u00e1dnou podepsanou smlouvu o p\u016fj\u010dce a \u017e\u00e1dnou identifikovatelnou slu\u017ebu, kter\u00e1 by t\u00e9to platb\u011b odpov\u00eddala.\u201c<\/p>\n\n\n\n<p class=\"wp-block-paragraph\">Oto\u010dil str\u00e1nku.<\/p>\n\n\n\n<p class=\"wp-block-paragraph\">Probl\u00e9m se net\u00fdkal pouze t\u00e9to jedin\u00e9 transakce.<\/p>\n\n\n\n<p class=\"wp-block-paragraph\">B\u011bhem p\u0159ibli\u017en\u011b \u010dtrn\u00e1cti m\u011bs\u00edc\u016f proudily men\u0161\u00ed \u010d\u00e1stky z firmy na \u00fa\u010dty kontrolovan\u00e9 Lauren a n\u00e1sledn\u011b do spole\u010dnost\u00ed spojen\u00fdch s Charlesem.<\/p>\n\n\n\n<p class=\"wp-block-paragraph\">P\u011bt set dolar\u016f.<\/p>\n\n\n\n<p class=\"wp-block-paragraph\">Tis\u00edc.<\/p>\n\n\n\n<p class=\"wp-block-paragraph\">N\u011bkolik tis\u00edc.<\/p>\n\n\n\n<p class=\"wp-block-paragraph\">Jednotliv\u00e9 transakce mohly p\u016fsobit naprosto b\u011b\u017en\u011b.<\/p>\n\n\n\n<p class=\"wp-block-paragraph\">Dohromady v\u0161ak vytv\u00e1\u0159ely ur\u010dit\u00fd vzorec.<\/p>\n\n\n\n<p class=\"wp-block-paragraph\">Kr\u00e1tce p\u0159ed rozchodem byl t\u00e9m\u011b\u0159 cel\u00fd provozn\u00ed kapit\u00e1l vy\u010derp\u00e1n.<\/p>\n\n\n\n<p class=\"wp-block-paragraph\">Ethanova p\u0159edb\u011b\u017en\u00e1 rekonstrukce identifikovala p\u0159ibli\u017en\u011b 280 000 dolar\u016f v p\u0159evodech, kter\u00e9 vy\u017eadovaly vysv\u011btlen\u00ed.<\/p>\n\n\n\n<p class=\"wp-block-paragraph\">Daniel zbledl.<\/p>\n\n\n\n<p class=\"wp-block-paragraph\">\u201ePracoval jsem osmn\u00e1ct hodin denn\u011b, abych firmu udr\u017eel p\u0159i \u017eivot\u011b, zat\u00edmco pen\u00edze mizely za m\u00fdmi z\u00e1dy.\u201c<\/p>\n\n\n\n<p class=\"wp-block-paragraph\">Melissa zvedla ruku.<\/p>\n\n\n\n<p class=\"wp-block-paragraph\">\u201eNebudeme tomu \u0159\u00edkat kr\u00e1de\u017e, dokud to d\u016fkazy nepotvrd\u00ed. M\u016f\u017eeme ale \u0159\u00edct, \u017ee zna\u010dn\u00e9 finan\u010dn\u00ed prost\u0159edky proch\u00e1zely propojen\u00fdmi \u00fa\u010dty bez dokumentace, kterou bychom u takov\u00fdch transakc\u00ed o\u010dek\u00e1vali.\u201c<\/p>\n\n\n\n<p class=\"wp-block-paragraph\">Tato discipl\u00edna se uk\u00e1zala jako d\u016fle\u017eit\u00e1.<\/p>\n\n\n\n<p class=\"wp-block-paragraph\">Necht\u011bli jsme bojovat proti Laurenin\u011b p\u0159ehnan\u00e9mu p\u0159\u00edb\u011bhu t\u00edm, \u017ee vytvo\u0159\u00edme vlastn\u00ed p\u0159ehnan\u00fd p\u0159\u00edb\u011bh.<\/p>\n\n\n\n<p class=\"wp-block-paragraph\">Cht\u011bli jsme zjistit, co se skute\u010dn\u011b stalo.<\/p>\n\n\n\n<p class=\"wp-block-paragraph\">Dal\u0161\u00edm probl\u00e9mem byly n\u00e1v\u0161t\u011bvy.<\/p>\n\n\n\n<p class=\"wp-block-paragraph\">Pozn\u00e1mky Diane Whitakerov\u00e9 opakovan\u011b popisovaly Daniela jako agresivn\u00edho, vt\u00edrav\u00e9ho, nep\u0159edv\u00eddateln\u00e9ho a d\u011bsiv\u00e9ho v\u016f\u010di dvoj\u010dat\u016fm.<\/p>\n\n\n\n<p class=\"wp-block-paragraph\">Daniel popisoval v\u011b\u017ee z lega, sva\u010diny, zavazov\u00e1n\u00ed tkani\u010dek, objet\u00ed a neust\u00e1lou kritiku ze strany Diane.<\/p>\n\n\n\n<p class=\"wp-block-paragraph\">Melissa prov\u011b\u0159ila p\u0159\u00edslu\u0161n\u00e1 pravidla st\u00e1tu Illinois t\u00fdkaj\u00edc\u00ed se nahr\u00e1v\u00e1n\u00ed a okolnosti n\u00e1v\u0161t\u011bv.<\/p>\n\n\n\n<p class=\"wp-block-paragraph\">M\u00edsto toho, abychom p\u0159edpokl\u00e1dali, \u017ee Daniel m\u016f\u017ee v\u0161echno tajn\u011b nahr\u00e1vat, z\u00edskala \u0159\u00e1dn\u00e9 pr\u00e1vn\u00ed doporu\u010den\u00ed a po\u017e\u00e1dala, aby budouc\u00ed n\u00e1v\u0161t\u011bvy podle mo\u017enosti prob\u00edhaly pod dohledem neutr\u00e1ln\u00ed profesion\u00e1ln\u00ed slu\u017eby.<\/p>\n\n\n\n<p class=\"wp-block-paragraph\">Toto rozhodnut\u00ed nakonec hr\u00e1lo v\u011bt\u0161\u00ed roli, ne\u017e jsme o\u010dek\u00e1vali.<\/p>\n\n\n\n<hr class=\"wp-block-separator has-alpha-channel-opacity\"\/>\n\n\n\n<h2 class=\"wp-block-heading\">\u010c\u00c1ST 5 \u2014 P\u0158\u00cdB\u011aH V DIANIN\u00ddCH POZN\u00c1MK\u00c1CH<\/h2>\n\n\n\n<p class=\"wp-block-paragraph\">Neutr\u00e1ln\u00ed centrum pro asistovan\u00e9 n\u00e1v\u0161t\u011bvy vytvo\u0159ilo profesion\u00e1ln\u00ed z\u00e1znamy.<\/p>\n\n\n\n<p class=\"wp-block-paragraph\">Vypadaly \u00fapln\u011b jinak ne\u017e ty Dianiny.<\/p>\n\n\n\n<p class=\"wp-block-paragraph\">Caleb a Noah b\u011b\u017eeli Danielovi naproti, kdy\u017e p\u0159i\u0161el.<\/p>\n\n\n\n<p class=\"wp-block-paragraph\">Ptali se, kdy budou moci nav\u0161t\u00edvit jeho byt.<\/p>\n\n\n\n<p class=\"wp-block-paragraph\">B\u011bhem \u010dten\u00ed poh\u00e1dek mu sed\u011bli na kl\u00edn\u011b.<\/p>\n\n\n\n<p class=\"wp-block-paragraph\">Ani jedno d\u00edt\u011b nevykazovalo pozorovateln\u00fd strach.<\/p>\n\n\n\n<p class=\"wp-block-paragraph\">Jedna licencovan\u00e1 pracovnice zaznamenala incident, kdy se Noah roz\u010d\u00edlil pot\u00e9, co ztratil hra\u010dku, a Daniel mu klidn\u011b pomohl se uklidnit, ani\u017e by zv\u00fd\u0161il hlas.<\/p>\n\n\n\n<p class=\"wp-block-paragraph\">Diane podobn\u00e9 chov\u00e1n\u00ed p\u0159i d\u0159\u00edv\u011bj\u0161\u00ed n\u00e1v\u0161t\u011bv\u011b popsala jako \u201eagresivn\u00ed obt\u011b\u017eov\u00e1n\u00ed\u201c.<\/p>\n\n\n\n<p class=\"wp-block-paragraph\">Melissa polo\u017eila oba popisy vedle sebe.<\/p>\n\n\n\n<p class=\"wp-block-paragraph\">\u201eTohle nedokazuje, \u017ee Diane v\u011bdom\u011b lhala ve v\u0161ech sv\u00fdch tvrzen\u00edch. Vyvol\u00e1v\u00e1 to ale v\u00e1\u017en\u00e9 ot\u00e1zky ohledn\u011b jej\u00ed v\u011brohodnosti.\u201c<\/p>\n\n\n\n<p class=\"wp-block-paragraph\">Pak za\u010dala digit\u00e1ln\u00ed anal\u00fdza m\u011bnit cel\u00fd p\u0159\u00edpad.<\/p>\n\n\n\n<p class=\"wp-block-paragraph\">Lauren p\u0159edlo\u017eila screenshoty v\u00fdhru\u017en\u00fdch zpr\u00e1v, kter\u00e9 m\u011bl \u00fadajn\u011b poslat Daniel.<\/p>\n\n\n\n<p class=\"wp-block-paragraph\">Melissa prost\u0159ednictv\u00edm \u0159\u00e1dn\u00fdch pr\u00e1vn\u00edch postup\u016f z\u00edskala \u00fadaje od oper\u00e1tora a z\u00e1znamy ze za\u0159\u00edzen\u00ed.<\/p>\n\n\n\n<p class=\"wp-block-paragraph\">Specialista na digit\u00e1ln\u00ed forenzn\u00ed anal\u00fdzu porovnal tyto \u00fadaje se screenshoty.<\/p>\n\n\n\n<p class=\"wp-block-paragraph\">U n\u011bkolika \u010dasov\u00fdch \u00fadaj\u016f nesed\u011bly z\u00e1znamy oper\u00e1tora.<\/p>\n\n\n\n<p class=\"wp-block-paragraph\">U n\u011bkter\u00fdch \u00fadajn\u00fdch zpr\u00e1v neexistoval v historii p\u0159enos\u016f v\u016fbec \u017e\u00e1dn\u00fd odpov\u00eddaj\u00edc\u00ed z\u00e1znam.<\/p>\n\n\n\n<p class=\"wp-block-paragraph\">Metadata n\u011bkolika obrazov\u00fdch soubor\u016f nazna\u010dovala, \u017ee byly sestaveny nebo upraveny, m\u00edsto aby \u0161lo o p\u0159\u00edm\u00e9 sn\u00edmky Danielovy historie zpr\u00e1v.<\/p>\n\n\n\n<p class=\"wp-block-paragraph\">Obvin\u011bn\u00ed p\u016fvodn\u011b p\u016fsobila zdrcuj\u00edc\u00edm dojmem, proto\u017ee p\u0159i\u0161la v tlust\u00e9m svazku dokument\u016f.<\/p>\n\n\n\n<p class=\"wp-block-paragraph\">Te\u010f se tento svazek za\u010dal rozpadat.<\/p>\n\n\n\n<p class=\"wp-block-paragraph\">Jedno nepodlo\u017een\u00e9 tvrzen\u00ed za druh\u00fdm.<\/p>\n\n\n\n<p class=\"wp-block-paragraph\">\u0160est m\u011bs\u00edc\u016f pot\u00e9, co jsem na\u0161el Daniela sp\u00e1t na O\u2019Hare, se konalo rozs\u00e1hl\u00e9 soudn\u00ed jedn\u00e1n\u00ed o do\u010dasn\u00e9 p\u00e9\u010di a d\u016fkazech.<\/p>\n\n\n\n<p class=\"wp-block-paragraph\">Lauren dorazila s Charlesem, Diane a sv\u00fdm pr\u00e1vn\u00edkem Scottem Lambertem.<\/p>\n\n\n\n<p class=\"wp-block-paragraph\">Daniel sed\u011bl vedle Melissy a m\u011b.<\/p>\n\n\n\n<p class=\"wp-block-paragraph\">T\u0159\u00e1sly se mu ruce.<\/p>\n\n\n\n<p class=\"wp-block-paragraph\">Polo\u017eil jsem mu ruku na rameno.<\/p>\n\n\n\n<p class=\"wp-block-paragraph\">\u201eDnes nemus\u00ed\u0161 nikoho porazit. \u0158\u00edkej pravdu a nech d\u016fkazy, aby promluvily za tebe.\u201c<\/p>\n\n\n\n<p class=\"wp-block-paragraph\">Soudkyn\u011b Eleanor Briggsov\u00e1, \u017eena po \u0161edes\u00e1tce zn\u00e1m\u00e1 pe\u010dliv\u00fdmi rozhodnut\u00edmi v rodinn\u00fdch v\u011bcech, vstoupila do m\u00edstnosti a zah\u00e1jila jedn\u00e1n\u00ed.<\/p>\n\n\n\n<p class=\"wp-block-paragraph\">Melissa nejprve prok\u00e1zala Danielovo zam\u011bstn\u00e1n\u00ed, byt, pokra\u010duj\u00edc\u00ed terapii a \u00fapln\u00e9 dodr\u017eov\u00e1n\u00ed v\u0161ech po\u017eadavk\u016f t\u00fdkaj\u00edc\u00edch se n\u00e1v\u0161t\u011bv pod dohledem.<\/p>\n\n\n\n<p class=\"wp-block-paragraph\">Scott zd\u016fraz\u0148oval, \u017ee velk\u00e1 \u010d\u00e1st Danielovy nov\u00e9 stability byla mo\u017en\u00e1 d\u00edky m\u00e9 finan\u010dn\u00ed pomoci.<\/p>\n\n\n\n<p class=\"wp-block-paragraph\">Melissa to nikdy nepop\u0159ela.<\/p>\n\n\n\n<p class=\"wp-block-paragraph\">\u201eRodi\u010d, kter\u00fd p\u0159ij\u00edm\u00e1 z\u00e1konnou pomoc od rodiny, nen\u00ed automaticky nestabiln\u00ed, zejm\u00e9na pokud tato pomoc vede k bezpe\u010dn\u00e9mu bydlen\u00ed, stabiln\u00edmu zam\u011bstn\u00e1n\u00ed a dodr\u017eov\u00e1n\u00ed soudn\u00edch p\u0159\u00edkaz\u016f.\u201c<\/p>\n\n\n\n<p class=\"wp-block-paragraph\">Pot\u00e9 p\u0159e\u0161la k obvin\u011bn\u00edm.<\/p>\n\n\n\n<hr class=\"wp-block-separator has-alpha-channel-opacity\"\/>\n\n\n\n<h2 class=\"wp-block-heading\">\u010c\u00c1ST 6 \u2014 KDY\u017d D\u016eKAZY NAHRADILY OBVIN\u011aN\u00cd<\/h2>\n\n\n\n<p class=\"wp-block-paragraph\">Nejprve byly p\u0159edlo\u017eeny Dianiny z\u00e1znamy o n\u00e1v\u0161t\u011bv\u00e1ch.<\/p>\n\n\n\n<p class=\"wp-block-paragraph\">Vedle nich byly polo\u017eeny zpr\u00e1vy neutr\u00e1ln\u00edch profesion\u00e1l\u016f.<\/p>\n\n\n\n<p class=\"wp-block-paragraph\">Melissa se zeptala, zda Diane ozna\u010dila Daniela za agresivn\u00edho v situaci, kdy pom\u00e1hal Noahovi zav\u00e1zat tkani\u010dku.<\/p>\n\n\n\n<p class=\"wp-block-paragraph\">Diane trvala na tom, \u017ee z\u00e1le\u017eelo na kontextu.<\/p>\n\n\n\n<p class=\"wp-block-paragraph\">Melissa souhlasila.<\/p>\n\n\n\n<p class=\"wp-block-paragraph\">Pot\u00e9 p\u0159e\u010detla popis neutr\u00e1ln\u00edho pracovn\u00edka, kter\u00fd t\u00e9m\u011b\u0159 toto\u017en\u00e9 chov\u00e1n\u00ed ozna\u010dil za b\u011b\u017enou rodi\u010dovskou pomoc.<\/p>\n\n\n\n<p class=\"wp-block-paragraph\">Kontrast nerozhodl cel\u00fd p\u0159\u00edpad.<\/p>\n\n\n\n<p class=\"wp-block-paragraph\">Ale v\u00fdrazn\u011b po\u0161kodil jistotu, s jakou Diane sv\u016fj p\u0159\u00edb\u011bh p\u0159edkl\u00e1dala.<\/p>\n\n\n\n<p class=\"wp-block-paragraph\">Pot\u00e9 p\u0159i\u0161ly na \u0159adu zpr\u00e1vy.<\/p>\n\n\n\n<p class=\"wp-block-paragraph\">Digit\u00e1ln\u00ed forenzn\u00ed expert vysv\u011btlil, \u017ee n\u011bkolik v\u00fdhru\u017en\u00fdch screenshot\u016f nem\u011blo odpov\u00eddaj\u00edc\u00ed z\u00e1znamy u oper\u00e1tora a vykazovalo znaky neslu\u010diteln\u00e9 s autentick\u00fdmi sn\u00edmky obrazovky.<\/p>\n\n\n\n<p class=\"wp-block-paragraph\">Lauren byla viditeln\u011b nerv\u00f3zn\u00ed.<\/p>\n\n\n\n<p class=\"wp-block-paragraph\">Melissa se j\u00ed p\u0159\u00edmo zeptala:<\/p>\n\n\n\n<p class=\"wp-block-paragraph\">\u201ePoslal Daniel ka\u017edou z v\u00fdhru\u017en\u00fdch zpr\u00e1v, kter\u00e9 jste tomuto soudu p\u0159edlo\u017eila?\u201c<\/p>\n\n\n\n<p class=\"wp-block-paragraph\">Lauren se pod\u00edvala na Scotta.<\/p>\n\n\n\n<p class=\"wp-block-paragraph\">Ten vznesl n\u00e1mitku proti formulaci n\u011bkolika ot\u00e1zek a soudkyn\u011b Briggsov\u00e1 po\u017e\u00e1dala Melissu, aby postupovala opatrn\u011b.<\/p>\n\n\n\n<p class=\"wp-block-paragraph\">Nakonec Lauren p\u0159ipustila, \u017ee nem\u016f\u017ee osobn\u011b ov\u011b\u0159it ka\u017ed\u00fd screenshot, proto\u017ee n\u011bkter\u00e9 z nich byly \u201ep\u0159ipraveny\u201c s pomoc\u00ed \u010dlen\u016f rodiny.<\/p>\n\n\n\n<p class=\"wp-block-paragraph\">Atmosf\u00e9ra v soudn\u00ed s\u00edni se zm\u011bnila.<\/p>\n\n\n\n<p class=\"wp-block-paragraph\">Pot\u00e9 sv\u011bd\u010dil Ethan Cho o finan\u010dn\u00edch prost\u0159edc\u00edch firmy.<\/p>\n\n\n\n<p class=\"wp-block-paragraph\">Vysledoval mou p\u016fvodn\u00ed investici 150 000 dolar\u016f, nedolo\u017een\u00fd p\u0159evod Charlesovi a dal\u0161\u00ed transakce, jejich\u017e sporn\u00e1 \u010d\u00e1stka se bl\u00ed\u017eila 280 000 dolar\u016fm.<\/p>\n\n\n\n<p class=\"wp-block-paragraph\">Scott tvrdil, \u017ee platby p\u0159edstavovaly legitimn\u00ed rodinn\u00e9 financov\u00e1n\u00ed.<\/p>\n\n\n\n<p class=\"wp-block-paragraph\">Ethan z\u016fstal klidn\u00fd.<\/p>\n\n\n\n<p class=\"wp-block-paragraph\">\u201eToto vysv\u011btlen\u00ed m\u016f\u017ee b\u00fdt nakonec prok\u00e1z\u00e1no, ale dokumentace, kter\u00e1 by takov\u00e9 financov\u00e1n\u00ed b\u011b\u017en\u011b doprov\u00e1zela, ve zji\u0161t\u011bn\u00fdch z\u00e1znamech chyb\u00ed.\u201c<\/p>\n\n\n\n<p class=\"wp-block-paragraph\">Soudkyn\u011b Briggsov\u00e1 se pod\u00edvala na Lauren.<\/p>\n\n\n\n<p class=\"wp-block-paragraph\">\u201eKde je smlouva o p\u016fj\u010dce, kter\u00e1 potvrzuje vr\u00e1cen\u00ed 150 000 dolar\u016f?\u201c<\/p>\n\n\n\n<p class=\"wp-block-paragraph\">Lauren tvrdila, \u017ee dohoda byla \u00fastn\u00ed.<\/p>\n\n\n\n<p class=\"wp-block-paragraph\">\u201eA co ostatn\u00ed p\u0159evody?\u201c<\/p>\n\n\n\n<p class=\"wp-block-paragraph\">Nedok\u00e1zala podat konzistentn\u00ed vysv\u011btlen\u00ed.<\/p>\n\n\n\n<p class=\"wp-block-paragraph\">Melissa nikdy nezv\u00fd\u0161ila hlas.<\/p>\n\n\n\n<p class=\"wp-block-paragraph\">Nemusela.<\/p>\n\n\n\n<p class=\"wp-block-paragraph\">\u201eVa\u0161e Ctihodnosti, ne\u017e\u00e1d\u00e1me soud, aby dnes rozhodl o trestn\u00ed odpov\u011bdnosti. \u017d\u00e1d\u00e1me, aby soud p\u0159ehodnotil, zda p\u016fvodn\u00ed omezen\u00ed rodi\u010dovsk\u00fdch pr\u00e1v vych\u00e1zela ze spolehliv\u00e9ho skutkov\u00e9ho z\u00e1kladu.\u201c<\/p>\n\n\n\n<p class=\"wp-block-paragraph\">Toto rozli\u0161en\u00ed zm\u011bnilo cel\u00e9 jedn\u00e1n\u00ed.<\/p>\n\n\n\n<p class=\"wp-block-paragraph\">Soudkyn\u011b vyhl\u00e1sila p\u0159est\u00e1vku.<\/p>\n\n\n\n<p class=\"wp-block-paragraph\">Kdy\u017e se vr\u00e1tila, jej\u00ed rozhodnut\u00ed bylo v\u00e1\u017en\u00e9 a mnohem um\u00edrn\u011bn\u011bj\u0161\u00ed ne\u017e dramatick\u00e9 v\u00edt\u011bzstv\u00ed, kter\u00e9 jsem si b\u011bhem bezesn\u00fdch noc\u00ed n\u011bkdy p\u0159edstavoval.<\/p>\n\n\n\n<p class=\"wp-block-paragraph\">St\u00e1vaj\u00edc\u00ed re\u017eim n\u00e1v\u0161t\u011bv pod dohledem byl okam\u017eit\u011b zm\u011bn\u011bn.<\/p>\n\n\n\n<p class=\"wp-block-paragraph\">Daniel z\u00edskal v\u00fdrazn\u011b v\u00edce \u010dasu se sv\u00fdmi syny, v\u010detn\u011b n\u00e1v\u0161t\u011bv bez dohledu a strukturovan\u00e9ho p\u0159echodu k no\u010dn\u00edm pobyt\u016fm, podl\u00e9haj\u00edc\u00edm dal\u0161\u00edmu p\u0159ezkoum\u00e1n\u00ed.<\/p>\n\n\n\n<p class=\"wp-block-paragraph\">Trval\u00e9 bydli\u0161t\u011b dvoj\u010dat se nem\u011bnilo ze dne na den. Soudy b\u011b\u017en\u011b nem\u011bn\u00ed zaveden\u00e9 uspo\u0159\u00e1d\u00e1n\u00ed \u017eivota d\u011bt\u00ed bez d\u016fkladn\u00e9ho zv\u00e1\u017een\u00ed jejich stability.<\/p>\n\n\n\n<p class=\"wp-block-paragraph\">Probl\u00e9my s Laureninou v\u011brohodnost\u00ed, sporn\u00e9 zpr\u00e1vy, neutr\u00e1ln\u00ed zpr\u00e1vy z n\u00e1v\u0161t\u011bv a Danielova zlep\u0161en\u00e1 situace v\u0161ak od\u016fvod\u0148ovaly v\u00fdrazn\u00e9 p\u0159ehodnocen\u00ed.<\/p>\n\n\n\n<p class=\"wp-block-paragraph\">Opatrovn\u00edk d\u011bt\u00ed a odborn\u00edk na p\u00e9\u010di m\u011bli p\u0159\u00edpad nad\u00e1le prov\u011b\u0159ovat.<\/p>\n\n\n\n<p class=\"wp-block-paragraph\">Finan\u010dn\u00ed spory byly postoupeny do samostatn\u00fdch \u0159\u00edzen\u00ed, zat\u00edmco ot\u00e1zky t\u00fdkaj\u00edc\u00ed se mo\u017en\u00fdch podvod\u016f nebo fale\u0161n\u00fdch d\u016fkaz\u016f mohly b\u00fdt p\u0159ed\u00e1ny p\u0159\u00edslu\u0161n\u00fdm \u00fa\u0159ad\u016fm.<\/p>\n\n\n\n<p class=\"wp-block-paragraph\">Daniel si schoval obli\u010dej do dlan\u00ed.<\/p>\n\n\n\n<p class=\"wp-block-paragraph\">Neplakal proto, \u017ee \u201evyhr\u00e1l\u201c.<\/p>\n\n\n\n<p class=\"wp-block-paragraph\">Plakal, proto\u017ee syst\u00e9m poprv\u00e9 po n\u011bkolika m\u011bs\u00edc\u00edch p\u0159estal pova\u017eovat ka\u017ed\u00e9 obvin\u011bn\u00ed proti n\u011bmu automaticky za prok\u00e1zan\u00fd fakt.<\/p>\n\n\n\n<hr class=\"wp-block-separator has-alpha-channel-opacity\"\/>\n\n\n\n<h2 class=\"wp-block-heading\">\u010c\u00c1ST 7 \u2014 JAK DOSTAL SV\u00c9 SYNY ZP\u00c1TKY DO SKUTE\u010cN\u00c9HO \u017dIVOTA<\/h2>\n\n\n\n<p class=\"wp-block-paragraph\">Kone\u010dn\u00e9 rozhodnut\u00ed o p\u00e9\u010di p\u0159i\u0161lo o n\u011bkolik m\u011bs\u00edc\u016f pozd\u011bji po dal\u0161\u00edm posuzov\u00e1n\u00ed, nikoli b\u011bhem jednoho dramatick\u00e9ho soudn\u00edho odpoledne.<\/p>\n\n\n\n<p class=\"wp-block-paragraph\">Opatrovn\u00edk d\u011bt\u00ed vyslechl u\u010ditele, terapeuty, p\u0159\u00edbuzn\u00e9, profesion\u00e1ln\u00ed pracovn\u00edky dohl\u00ed\u017eej\u00edc\u00ed na n\u00e1v\u0161t\u011bvy a oba rodi\u010de.<\/p>\n\n\n\n<p class=\"wp-block-paragraph\">Danielovo pouto s Calebem a Noahem z\u016fstalo siln\u00e9.<\/p>\n\n\n\n<p class=\"wp-block-paragraph\">Laureniny opakovan\u00e9 pokusy omezovat jejich kontakt bez dostate\u010dn\u00e9ho od\u016fvodn\u011bn\u00ed se v\u00fdrazn\u011b prom\u00edtly do rozhodnut\u00ed soudu.<\/p>\n\n\n\n<p class=\"wp-block-paragraph\">Nakonec soud ur\u010dil Daniela jako rodi\u010de, kter\u00fd bude m\u00edt v\u011bt\u0161inu \u010dasu s d\u011btmi, p\u0159i\u010dem\u017e Lauren z\u016fstala zachov\u00e1na jasn\u011b definovan\u00e1 rodi\u010dovsk\u00e1 pr\u00e1va.<\/p>\n\n\n\n<p class=\"wp-block-paragraph\">Rozhodovac\u00ed pravomoci byly nastaveny tak, aby ani jeden z rodi\u010d\u016f nemohl d\u011bti vyu\u017e\u00edvat jako n\u00e1stroj n\u00e1tlaku.<\/p>\n\n\n\n<p class=\"wp-block-paragraph\">Diane u\u017e n\u00e1v\u0161t\u011bvy nedohl\u00ed\u017eela.<\/p>\n\n\n\n<p class=\"wp-block-paragraph\">Finan\u010dn\u00ed p\u0159\u00edpad pokra\u010doval odd\u011blen\u011b.<\/p>\n\n\n\n<p class=\"wp-block-paragraph\">Soud na\u0159\u00eddil finan\u010dn\u00ed vypo\u0159\u00e1d\u00e1n\u00ed t\u00fdkaj\u00edc\u00ed se neopr\u00e1vn\u011bn\u011b p\u0159eveden\u00fdch prost\u0159edk\u016f z firmy, zat\u00edmco z\u00e1va\u017en\u011bj\u0161\u00ed podez\u0159en\u00ed ohledn\u011b fale\u0161n\u00fdch d\u016fkaz\u016f a finan\u010dn\u00edho pochyben\u00ed byla p\u0159ed\u00e1na k vy\u0161et\u0159en\u00ed.<\/p>\n\n\n\n<p class=\"wp-block-paragraph\">Charles se dostal pod dal\u0161\u00ed kontrolu pot\u00e9, co regula\u010dn\u00ed a da\u0148ov\u00e9 \u00fa\u0159ady za\u010daly prov\u011b\u0159ovat transakce odhalen\u00e9 b\u011bhem dokazov\u00e1n\u00ed.<\/p>\n\n\n\n<p class=\"wp-block-paragraph\">N\u00e1sledky se projevovaly postupn\u011b.<\/p>\n\n\n\n<p class=\"wp-block-paragraph\">N\u011bkter\u00e9 ot\u00e1zky skon\u010dily ob\u010danskopr\u00e1vn\u00ed odpov\u011bdnost\u00ed.<\/p>\n\n\n\n<p class=\"wp-block-paragraph\">Jin\u00e9 byly vy\u0159e\u0161eny dohodou.<\/p>\n\n\n\n<p class=\"wp-block-paragraph\">Lauren musela prost\u0159ednictv\u00edm dohody a vypo\u0159\u00e1d\u00e1n\u00ed majetku vr\u00e1tit zna\u010dnou \u010d\u00e1st pen\u011bz.<\/p>\n\n\n\n<p class=\"wp-block-paragraph\">Jak\u00e9koli trestn\u011bpr\u00e1vn\u00ed ot\u00e1zky t\u00fdkaj\u00edc\u00ed se fale\u0161n\u00fdch d\u016fkaz\u016f nebo finan\u010dn\u00edho jedn\u00e1n\u00ed byly \u0159e\u0161eny odd\u011blen\u011b, m\u00edsto aby se rodinn\u00fd soud sna\u017eil hr\u00e1t roli st\u00e1tn\u00edho z\u00e1stupce.<\/p>\n\n\n\n<p class=\"wp-block-paragraph\">Daniel se vzpamatoval natolik, \u017ee mohl za\u010d\u00edt znovu.<\/p>\n\n\n\n<p class=\"wp-block-paragraph\">Tentokr\u00e1t zalo\u017eil men\u0161\u00ed technologickou firmu se smlouvami kontrolovan\u00fdmi Davidem Parkem a \u00fa\u010detn\u00edmi mechanismy, kter\u00e9 zabr\u00e1nily tomu, aby jedin\u00fd \u010dlov\u011bk mohl tajn\u011b kontrolovat v\u0161echny finan\u010dn\u00ed z\u00e1znamy.<\/p>\n\n\n\n<p class=\"wp-block-paragraph\">Z\u016fstal jsem v Illinois.<\/p>\n\n\n\n<p class=\"wp-block-paragraph\">Trval\u00fd n\u00e1vrat do Seattlu u\u017e ned\u00e1val smysl.<\/p>\n\n\n\n<p class=\"wp-block-paragraph\">Na\u0161el jsem si byt patn\u00e1ct minut od Daniela a dvoj\u010dat.<\/p>\n\n\n\n<p class=\"wp-block-paragraph\">Caleb a Noah se rychle rozhodli, \u017ee m\u016fj domov slou\u017e\u00ed p\u0159edev\u0161\u00edm ke sva\u010din\u00e1m, deskov\u00fdm hr\u00e1m a odkl\u00e1d\u00e1n\u00ed pono\u017eek na ta nejneuv\u011b\u0159iteln\u011bj\u0161\u00ed m\u00edsta.<\/p>\n\n\n\n<p class=\"wp-block-paragraph\">Daniel u\u017e nikdy nebyl p\u0159esn\u011b t\u00edm \u010dlov\u011bkem, kter\u00fdm byl p\u0159ed rozvodem.<\/p>\n\n\n\n<p class=\"wp-block-paragraph\">Pova\u017eoval jsem to za dobrou v\u011bc.<\/p>\n\n\n\n<p class=\"wp-block-paragraph\">Star\u00fd Daniel v\u011b\u0159il, proto\u017ee m\u011bl pocit, \u017ee bezpe\u010dnostn\u00ed opat\u0159en\u00ed ur\u00e1\u017eej\u00ed l\u00e1sku.<\/p>\n\n\n\n<p class=\"wp-block-paragraph\">Nov\u00fd Daniel pochopil, \u017ee d\u016fv\u011bra a dokumentace mohou existovat spole\u010dn\u011b.<\/p>\n\n\n\n<p class=\"wp-block-paragraph\">Pokra\u010doval v terapii.<\/p>\n\n\n\n<p class=\"wp-block-paragraph\">St\u00e1le m\u011bl t\u011b\u017ek\u00e9 dny.<\/p>\n\n\n\n<p class=\"wp-block-paragraph\">To z n\u011bj ned\u011blalo nestabiln\u00edho \u010dlov\u011bka.<\/p>\n\n\n\n<p class=\"wp-block-paragraph\">Byl to mu\u017e, kter\u00fd se zotavoval z dlouhodob\u00e9ho strachu, izolace a pon\u00ed\u017een\u00ed, ani\u017e by p\u0159edst\u00edral, \u017ee zotaven\u00ed je snadn\u00e9.<\/p>\n\n\n\n<hr class=\"wp-block-separator has-alpha-channel-opacity\"\/>\n\n\n\n<h2 class=\"wp-block-heading\">\u010c\u00c1ST 8 \u2014 CO OPRAVDU D\u011aLAJ\u00cd OTCOV\u00c9<\/h2>\n\n\n\n<p class=\"wp-block-paragraph\">T\u00e9m\u011b\u0159 rok pot\u00e9, co jsem na\u0161el Hondu na O\u2019Hare, jsme s Danielem sed\u011bli na m\u00e9m balkon\u011b a sledovali v d\u00e1lce p\u0159ist\u00e1vaj\u00edc\u00ed letadla.<\/p>\n\n\n\n<p class=\"wp-block-paragraph\">Uvnit\u0159 se Caleb s Noahem h\u00e1dali kv\u016fli h\u0159e Jenga.<\/p>\n\n\n\n<p class=\"wp-block-paragraph\">Daniel se napil a z\u016fstal tak dlouho potichu, \u017ee jsem v\u011bd\u011bl, \u017ee se chyst\u00e1 \u0159\u00edct n\u011bco d\u016fle\u017eit\u00e9ho.<\/p>\n\n\n\n<p class=\"wp-block-paragraph\">\u201eTati, nikdy jsem ti po\u0159\u00e1dn\u011b nepod\u011bkoval.\u201c<\/p>\n\n\n\n<p class=\"wp-block-paragraph\">Pod\u00edval jsem se na n\u011bj.<\/p>\n\n\n\n<p class=\"wp-block-paragraph\">\u201eNemusel jsi mi d\u011bkovat za to, \u017ee jsem p\u0159i\u0161el.\u201c<\/p>\n\n\n\n<p class=\"wp-block-paragraph\">Zavrt\u011bl hlavou.<\/p>\n\n\n\n<p class=\"wp-block-paragraph\">\u201eKdybys toho r\u00e1na nep\u0159ijel, nev\u00edm, jak dlouho bych v tom aut\u011b z\u016fstal. P\u0159esv\u011bd\u010dili m\u011b, \u017ee po\u017e\u00e1dat o pomoc dokazuje, \u017ee nejsem schopn\u00fd se o sebe postarat.\u201c<\/p>\n\n\n\n<p class=\"wp-block-paragraph\">Pod\u00edval se sm\u011brem k panoramatu m\u011bsta.<\/p>\n\n\n\n<p class=\"wp-block-paragraph\">\u201eNejhor\u0161\u00ed bylo, \u017ee jsem tomu za\u010dal v\u011b\u0159it. P\u0159em\u00fd\u0161lel jsem, jestli jsem opravdu nestabiln\u00ed, jestli se nem\u00fdl\u00edm ve v\u0161ech sv\u00fdch vzpom\u00ednk\u00e1ch, proto\u017ee tolik lid\u00ed opakovalo stejn\u00fd p\u0159\u00edb\u011bh.\u201c<\/p>\n\n\n\n<p class=\"wp-block-paragraph\">Ch\u00e1pal jsem, pro\u010d ho to d\u011bsilo.<\/p>\n\n\n\n<p class=\"wp-block-paragraph\">Le\u017e opakovan\u00e1 dostate\u010dn\u011b \u010dasto m\u016f\u017ee za\u010d\u00edt p\u016fsobit jako d\u016fkaz, zvl\u00e1\u0161\u0165 kdy\u017e je obvi\u0148ovan\u00fd \u010dlov\u011bk vy\u010derpan\u00fd, izolovan\u00fd a finan\u010dn\u011b uv\u011bzn\u011bn\u00fd.<\/p>\n\n\n\n<p class=\"wp-block-paragraph\">\u201eZn\u00e1m sv\u00e9ho syna,\u201c \u0159ekl jsem. \u201eTo neznamen\u00e1, \u017ee automaticky zn\u00e1m ka\u017ed\u00fd fakt. Ale v\u011bd\u011bl jsem dost na to, abych p\u0159estal p\u0159ij\u00edmat n\u011bjak\u00fd p\u0159\u00edb\u011bh d\u0159\u00edv, ne\u017e jsme prov\u011b\u0159ili d\u016fkazy.\u201c<\/p>\n\n\n\n<p class=\"wp-block-paragraph\">Daniel polkl.<\/p>\n\n\n\n<p class=\"wp-block-paragraph\">\u201eV\u011b\u0159il jsi mi, kdy\u017e to nikdo jin\u00fd necht\u011bl ud\u011blat.\u201c<\/p>\n\n\n\n<p class=\"wp-block-paragraph\">\u201eV\u011b\u0159il jsem, \u017ee si zaslou\u017e\u00ed\u0161 vy\u0161et\u0159en\u00ed m\u00edsto odsouzen\u00ed.\u201c<\/p>\n\n\n\n<p class=\"wp-block-paragraph\">Na tom rozd\u00edlu z\u00e1le\u017eelo.<\/p>\n\n\n\n<p class=\"wp-block-paragraph\">Rodi\u010de mohou sv\u00e9 d\u011bti milovat cel\u00fdm srdcem, ani\u017e by p\u0159edst\u00edrali, \u017ee jejich d\u011bti nejsou schopn\u00e9 ud\u011blat nic \u0161patn\u00e9ho.<\/p>\n\n\n\n<p class=\"wp-block-paragraph\">Kdyby d\u016fkazy uk\u00e1zaly, \u017ee Daniel Lauren vyhro\u017eoval, ubl\u00ed\u017eil dvoj\u010dat\u016fm nebo s\u00e1m zneu\u017eil pen\u00edze, jeho l\u00e1ska by neznamenala, \u017ee bych to m\u011bl pop\u00edrat.<\/p>\n\n\n\n<p class=\"wp-block-paragraph\">B\u00fdt otcem znamenalo odm\u00edtnout ho opustit d\u0159\u00edv, ne\u017e byla zji\u0161t\u011bna pravda.<\/p>\n\n\n\n<p class=\"wp-block-paragraph\">Caleb zak\u0159i\u010del zevnit\u0159:<\/p>\n\n\n\n<p class=\"wp-block-paragraph\">\u201eD\u011bdo! Noah zase podv\u00e1d\u00ed!\u201c<\/p>\n\n\n\n<p class=\"wp-block-paragraph\">Noah okam\u017eit\u011b zak\u0159i\u010del zp\u00e1tky:<\/p>\n\n\n\n<p class=\"wp-block-paragraph\">\u201ePou\u017e\u00edv\u00e1m strategii!\u201c<\/p>\n\n\n\n<p class=\"wp-block-paragraph\">Daniel se zasm\u00e1l.<\/p>\n\n\n\n<p class=\"wp-block-paragraph\">Tentokr\u00e1t to nezn\u011blo jako unaven\u00fd sm\u00edch, kter\u00fd jsem sly\u0161el v restauraci na leti\u0161ti.<\/p>\n\n\n\n<p class=\"wp-block-paragraph\">Vstal jsem.<\/p>\n\n\n\n<p class=\"wp-block-paragraph\">\u201eZd\u00e1 se, \u017ee Jenga pot\u0159ebuje zku\u0161en\u00e9ho soudce.\u201c<\/p>\n\n\n\n<p class=\"wp-block-paragraph\">Daniel se usm\u00e1l.<\/p>\n\n\n\n<p class=\"wp-block-paragraph\">\u201eRad\u011bji si posp\u011b\u0161, ne\u017e n\u011bkdo pod\u00e1 odvol\u00e1n\u00ed.\u201c<\/p>\n\n\n\n<p class=\"wp-block-paragraph\">Uvnit\u0159 chlapci postavili d\u0159ev\u011bnou v\u011b\u017e, kter\u00e1 se nakl\u00e1n\u011bla tak dramaticky, \u017ee to skoro vypadalo z\u00e1m\u011brn\u011b.<\/p>\n\n\n\n<p class=\"wp-block-paragraph\">Caleb uk\u00e1zal na jej\u00ed z\u00e1kladnu.<\/p>\n\n\n\n<p class=\"wp-block-paragraph\">\u201eD\u011bdo, nenech ji spadnout.\u201c<\/p>\n\n\n\n<p class=\"wp-block-paragraph\">Sedl jsem si k nim na koberec.<\/p>\n\n\n\n<p class=\"wp-block-paragraph\">Na okam\u017eik jsem si vzpomn\u011bl na Hondu Civic.<\/p>\n\n\n\n<p class=\"wp-block-paragraph\">Na zaml\u017een\u00e1 okna.<\/p>\n\n\n\n<p class=\"wp-block-paragraph\">Na Daniela, kter\u00fd otev\u0159el dve\u0159e a stud mu pokr\u00fdval tv\u00e1\u0159.<\/p>\n\n\n\n<p class=\"wp-block-paragraph\">Nemohl jsem sv\u00fdm vnuk\u016fm sl\u00edbit, \u017ee se v jejich \u017eivot\u011b nikdy nic nezhrout\u00ed.<\/p>\n\n\n\n<p class=\"wp-block-paragraph\">Domy se rozpadaj\u00ed.<\/p>\n\n\n\n<p class=\"wp-block-paragraph\">Firmy krachuj\u00ed.<\/p>\n\n\n\n<p class=\"wp-block-paragraph\">Man\u017eelstv\u00ed kon\u010d\u00ed.<\/p>\n\n\n\n<p class=\"wp-block-paragraph\">Soudy d\u011blaj\u00ed nedokonal\u00e1 rozhodnut\u00ed.<\/p>\n\n\n\n<p class=\"wp-block-paragraph\">Lid\u00e9, kter\u00fdm v\u011b\u0159\u00edme, n\u00e1s n\u011bkdy zrad\u00ed.<\/p>\n\n\n\n<p class=\"wp-block-paragraph\">Ale mohl jsem jim sl\u00edbit n\u011bco jin\u00e9ho.<\/p>\n\n\n\n<p class=\"wp-block-paragraph\">Kdy\u017e se n\u011bco rozpadne, nebudou muset st\u00e1t mezi troskami sami.<\/p>\n\n\n\n<p class=\"wp-block-paragraph\">Polo\u017eil jsem jednu ruku vedle vratk\u00e9 v\u011b\u017ee.<\/p>\n\n\n\n<p class=\"wp-block-paragraph\">\u201eKdy\u017e spadne, postav\u00edme ji znovu.\u201c<\/p>\n\n\n\n<p class=\"wp-block-paragraph\">Caleb se nad t\u00edm zamyslel.<\/p>\n\n\n\n<p class=\"wp-block-paragraph\">Pak se usm\u00e1l.<\/p>\n\n\n\n<p class=\"wp-block-paragraph\">Daniel st\u00e1l ve dve\u0159\u00edch a pozoroval n\u00e1s.<\/p>\n\n\n\n<p class=\"wp-block-paragraph\">O rok d\u0159\u00edve si myslel, \u017ee ztr\u00e1tou domu, firmy a pov\u011bsti ztratil i s\u00e1m sebe.<\/p>\n\n\n\n<p class=\"wp-block-paragraph\">Neztratil.<\/p>\n\n\n\n<p class=\"wp-block-paragraph\">Pravda byla m\u00e9n\u011b dramatick\u00e1 a mnohem nad\u011bjn\u011bj\u0161\u00ed.<\/p>\n\n\n\n<p class=\"wp-block-paragraph\">Pot\u0159eboval bezpe\u010dn\u00e9 m\u00edsto, kde mohl na chv\u00edli p\u0159estat padat a za\u010d\u00edt znovu stav\u011bt sv\u016fj \u017eivot.<\/p>\n\n\n\n<p class=\"wp-block-paragraph\">A p\u0159esn\u011b to otcov\u00e9 d\u011blaj\u00ed, kdy\u017e mohou.<\/p>\n\n\n\n<p class=\"wp-block-paragraph\">Nezaru\u010dujeme sv\u00fdm d\u011btem dokonal\u00fd \u017eivot.<\/p>\n\n\n\n<p class=\"wp-block-paragraph\">Nevyma\u017eeme za n\u011b ka\u017ed\u00fd n\u00e1sledek ani za n\u011b nevyhrajeme ka\u017ed\u00fd boj.<\/p>\n\n\n\n<p class=\"wp-block-paragraph\">P\u0159ijdeme.<\/p>\n\n\n\n<p class=\"wp-block-paragraph\">Pt\u00e1me se.<\/p>\n\n\n\n<p class=\"wp-block-paragraph\">Z\u016fstaneme tak dlouho, abychom dok\u00e1zali odd\u011blit stud od pravdy.<\/p>\n\n\n\n<p class=\"wp-block-paragraph\">A pak v\u011b\u017e kone\u010dn\u011b spadla na konferen\u010dn\u00ed stolek a oba chlapci propukli v hlasit\u00fd sm\u00edch.<\/p>\n\n\n\n<p class=\"wp-block-paragraph\">Pomohl jsem jim sesb\u00edrat v\u0161echny d\u0159ev\u011bn\u00e9 kostky.<\/p>\n\n\n\n<p class=\"wp-block-paragraph\">A spole\u010dn\u011b jsme za\u010dali znovu.<\/p>\n\n\n\n<p class=\"wp-block-paragraph\"><\/p>\n","protected":false},"excerpt":{"rendered":"Let\u011bl jsem p\u0159es celou zemi, abych p\u0159ekvapil sv\u00e9ho syna k narozenin\u00e1m. M\u00edsto toho jsem ho b\u011bhem chicagsk\u00e9 zimy na\u0161el sp\u00e1t v aut\u011b se \n<a class=\"moretag\" href=\"https:\/\/chexia.info\/?p=10119\"> [...]<\/a>","protected":false},"author":1,"featured_media":10121,"comment_status":"open","ping_status":"open","sticky":false,"template":"","format":"standard","meta":{"footnotes":""},"categories":[1],"tags":[],"class_list":["post-10119","post","type-post","status-publish","format-standard","has-post-thumbnail","hentry","category-1"],"_links":{"self":[{"href":"https:\/\/chexia.info\/index.php?rest_route=\/wp\/v2\/posts\/10119","targetHints":{"allow":["GET"]}}],"collection":[{"href":"https:\/\/chexia.info\/index.php?rest_route=\/wp\/v2\/posts"}],"about":[{"href":"https:\/\/chexia.info\/index.php?rest_route=\/wp\/v2\/types\/post"}],"author":[{"embeddable":true,"href":"https:\/\/chexia.info\/index.php?rest_route=\/wp\/v2\/users\/1"}],"replies":[{"embeddable":true,"href":"https:\/\/chexia.info\/index.php?rest_route=%2Fwp%2Fv2%2Fcomments&post=10119"}],"version-history":[{"count":1,"href":"https:\/\/chexia.info\/index.php?rest_route=\/wp\/v2\/posts\/10119\/revisions"}],"predecessor-version":[{"id":10122,"href":"https:\/\/chexia.info\/index.php?rest_route=\/wp\/v2\/posts\/10119\/revisions\/10122"}],"wp:featuredmedia":[{"embeddable":true,"href":"https:\/\/chexia.info\/index.php?rest_route=\/wp\/v2\/media\/10121"}],"wp:attachment":[{"href":"https:\/\/chexia.info\/index.php?rest_route=%2Fwp%2Fv2%2Fmedia&parent=10119"}],"wp:term":[{"taxonomy":"category","embeddable":true,"href":"https:\/\/chexia.info\/index.php?rest_route=%2Fwp%2Fv2%2Fcategories&post=10119"},{"taxonomy":"post_tag","embeddable":true,"href":"https:\/\/chexia.info\/index.php?rest_route=%2Fwp%2Fv2%2Ftags&post=10119"}],"curies":[{"name":"wp","href":"https:\/\/api.w.org\/{rel}","templated":true}]}}