{"id":10123,"date":"2026-09-01T21:32:57","date_gmt":"2026-09-01T18:32:57","guid":{"rendered":"https:\/\/chexia.info\/?p=10123"},"modified":"2026-09-01T21:32:57","modified_gmt":"2026-09-01T18:32:57","slug":"smali-se-zene-ktera-pracovala-v-maloobchode-u-dezertu-moje-rodina-zjistila-komu-patri-uplne-vsechno","status":"publish","type":"post","link":"https:\/\/chexia.info\/?p=10123","title":{"rendered":"Sm\u00e1li se \u017een\u011b, kter\u00e1 pracovala v maloobchod\u011b. U dezertu moje rodina zjistila, komu pat\u0159\u00ed \u00fapln\u011b v\u0161echno."},"content":{"rendered":"\n<p class=\"wp-block-paragraph\"><strong>\u201eJe p\u0159\u00edli\u0161 hloup\u00e1 na to, aby rozum\u011bla podnik\u00e1n\u00ed.\u201c<\/strong><\/p>\n\n\n\n<p class=\"wp-block-paragraph\">Moje sestra to \u0159ekla b\u011bhem velikono\u010dn\u00edho brunche, s rukou kolem sklenky \u0161ampa\u0148sk\u00e9ho a slune\u010dn\u00edmi paprsky odr\u00e1\u017eej\u00edc\u00edmi se od diamant\u016f na jej\u00edm z\u00e1p\u011bst\u00ed.<\/p>\n\n\n\n<p class=\"wp-block-paragraph\">Pak se zasm\u00e1la.<\/p>\n\n\n\n<p class=\"wp-block-paragraph\">Moji rodi\u010de tak\u00e9.<\/p>\n\n\n\n<p class=\"wp-block-paragraph\">Pod\u00edvala jsem se na hodinky.<\/p>\n\n\n\n<p class=\"wp-block-paragraph\">9:47.<\/p>\n\n\n\n<p class=\"wp-block-paragraph\">T\u0159i minuty do p\u0159\u00edjezdu m\u00e9 v\u00fdkonn\u00e9 asistentky.<\/p>\n\n\n\n<p class=\"wp-block-paragraph\">A mo\u017en\u00e1 p\u011bt minut do chv\u00edle, kdy se moje rodina dozv\u00ed, \u017ee \u017eena, kterou patn\u00e1ct let ozna\u010dovali za neschopnou, vlastn\u00ed <strong>847 maloobchodn\u00edch prodejen, technologickou spole\u010dnost v hodnot\u011b n\u011bkolika miliard dolar\u016f a luxusn\u00ed resort, pod jeho\u017e st\u0159echou pr\u00e1v\u011b sed\u011bli.<\/strong><\/p>\n\n\n\n<p class=\"wp-block-paragraph\">Jen\u017ee ani j\u00e1 jsem netu\u0161ila, \u017ee je\u0161t\u011b p\u0159ed koncem brunche zjist\u00edm n\u011bco mnohem v\u011bt\u0161\u00edho.<\/p>\n\n\n\n<p class=\"wp-block-paragraph\">N\u011bco, co zni\u010d\u00ed p\u0159\u00edb\u011bh, kter\u00fd n\u00e1m rodi\u010de vypr\u00e1v\u011bli cel\u00fd \u017eivot.<\/p>\n\n\n\n<p class=\"wp-block-paragraph\">\u2014<\/p>\n\n\n\n<p class=\"wp-block-paragraph\">Oce\u00e1nsk\u00e1 terasa resortu Seaside Springs vypadala toho velikono\u010dn\u00edho r\u00e1na t\u00e9m\u011b\u0159 neskute\u010dn\u011b.<\/p>\n\n\n\n<p class=\"wp-block-paragraph\">Ve sklen\u011bn\u00fdch v\u00e1z\u00e1ch byly stovky lili\u00ed \u2014 b\u00edl\u00e9, r\u016f\u017eov\u00e9 i sv\u011btle \u017elut\u00e9. Za mramorov\u00fdm z\u00e1bradl\u00edm se Pacifik rozprost\u00edral pod bezmra\u010dnou kalifornskou oblohou. \u010c\u00ed\u0161n\u00edci ti\u0161e proch\u00e1zeli mezi stoly se st\u0159\u00edbrn\u00fdmi konvicemi s k\u00e1vou, pe\u010divem, ovocem a \u0161ampa\u0148sk\u00fdm.<\/p>\n\n\n\n<p class=\"wp-block-paragraph\">Jedna noc v Seaside Springs st\u00e1la v\u00edc, ne\u017e jsem kdysi vyd\u011blala za n\u011bkolik m\u011bs\u00edc\u016f pr\u00e1ce v maloobchod\u011b.<\/p>\n\n\n\n<p class=\"wp-block-paragraph\">Moje sestra Vanessa Whitmoreov\u00e1 vybrala m\u00edsto pro n\u00e1\u0161 rodinn\u00fd brunch.<\/p>\n\n\n\n<p class=\"wp-block-paragraph\">Samoz\u0159ejm\u011b \u017ee ano.<\/p>\n\n\n\n<p class=\"wp-block-paragraph\">Vanessa nikdy nevyb\u00edrala restauraci, kdy\u017e mohla zvolit m\u00edsto, o kter\u00e9m se lid\u00e9 chlubili, \u017ee se do n\u011bj v\u016fbec dostali.<\/p>\n\n\n\n<p class=\"wp-block-paragraph\">\u201eAudrey.\u201c<\/p>\n\n\n\n<p class=\"wp-block-paragraph\">Moje matka Elaine se p\u0159i m\u00e9m p\u0159\u00edchodu nap\u016fl zvedla a pol\u00edbila m\u011b na tv\u00e1\u0159.<\/p>\n\n\n\n<p class=\"wp-block-paragraph\">\u201eM\u00e1\u0161 dvacet minut zpo\u017ed\u011bn\u00ed.\u201c<\/p>\n\n\n\n<p class=\"wp-block-paragraph\">\u201ePromi\u0148. V\u010dera ve\u010der jsem zav\u00edrala obchod. Chyb\u011bli n\u00e1m lid\u00e9.\u201c<\/p>\n\n\n\n<figure class=\"wp-block-image size-large\"><img loading=\"lazy\" decoding=\"async\" width=\"819\" height=\"1024\" src=\"https:\/\/chexia.info\/wp-content\/uploads\/2026\/09\/seaside_terrace_confrontation-819x1024.jpg\" alt=\"\" class=\"wp-image-10124\" srcset=\"https:\/\/chexia.info\/wp-content\/uploads\/2026\/09\/seaside_terrace_confrontation-819x1024.jpg 819w, https:\/\/chexia.info\/wp-content\/uploads\/2026\/09\/seaside_terrace_confrontation-240x300.jpg 240w, https:\/\/chexia.info\/wp-content\/uploads\/2026\/09\/seaside_terrace_confrontation-768x960.jpg 768w, https:\/\/chexia.info\/wp-content\/uploads\/2026\/09\/seaside_terrace_confrontation-1229x1536.jpg 1229w, https:\/\/chexia.info\/wp-content\/uploads\/2026\/09\/seaside_terrace_confrontation.jpg 1408w\" sizes=\"auto, (max-width: 819px) 100vw, 819px\" \/><\/figure>\n\n\n\n<p class=\"wp-block-paragraph\">Vanessa pomalu polo\u017eila sklenku mim\u00f3zy.<\/p>\n\n\n\n<p class=\"wp-block-paragraph\">Ve t\u0159iceti osmi letech vypadala jako dokonal\u00fd v\u00fdsledek v\u0161ech rozhodnut\u00ed, kter\u00e1 kdy na\u0161i rodi\u010de schv\u00e1lili.<\/p>\n\n\n\n<p class=\"wp-block-paragraph\">Kr\u00e9mov\u00e9 zna\u010dkov\u00e9 \u0161aty.<\/p>\n\n\n\n<p class=\"wp-block-paragraph\">Dokonale upraven\u00e9 blond vlasy.<\/p>\n\n\n\n<p class=\"wp-block-paragraph\">Diamantov\u00fd n\u00e1ramek.<\/p>\n\n\n\n<p class=\"wp-block-paragraph\">Adresa v Connecticutu.<\/p>\n\n\n\n<p class=\"wp-block-paragraph\">Dv\u011b d\u011bti na soukrom\u00e9 \u0161kole.<\/p>\n\n\n\n<p class=\"wp-block-paragraph\">A man\u017eel, ke kter\u00e9mu se m\u016fj otec choval jako k synovi, kter\u00e9ho si v\u017edy p\u0159\u00e1l.<\/p>\n\n\n\n<p class=\"wp-block-paragraph\">\u201ePo\u0159\u00e1d ve \u010dty\u0159iat\u0159iceti sama zav\u00edr\u00e1\u0161 obchody?\u201c zeptala se Vanessa.<\/p>\n\n\n\n<p class=\"wp-block-paragraph\">Usm\u00e1la se.<\/p>\n\n\n\n<p class=\"wp-block-paragraph\">\u201eTo je skoro roztomil\u00e9.\u201c<\/p>\n\n\n\n<p class=\"wp-block-paragraph\">Jej\u00ed man\u017eel Daniel Price potla\u010dil \u00fasm\u011bv za \u0161\u00e1lkem k\u00e1vy.<\/p>\n\n\n\n<p class=\"wp-block-paragraph\">Daniel se ned\u00e1vno stal senior viceprezidentem velk\u00e9 investi\u010dn\u00ed spole\u010dnosti na Manhattanu.<\/p>\n\n\n\n<p class=\"wp-block-paragraph\">T\u00e1ta to stihl zm\u00ednit u\u017e t\u0159ikr\u00e1t, ne\u017e jsem si v\u016fbec sedla.<\/p>\n\n\n\n<p class=\"wp-block-paragraph\">Zaujala jsem sv\u00e9 obvykl\u00e9 m\u00edsto na opa\u010dn\u00e9m konci stolu.<\/p>\n\n\n\n<p class=\"wp-block-paragraph\">T\u00e1ta sotva zvedl o\u010di od finan\u010dn\u00edch zpr\u00e1v v telefonu.<\/p>\n\n\n\n<p class=\"wp-block-paragraph\">\u201eJak se da\u0159\u00ed v obchod\u011b?\u201c zeptala se m\u00e1ma.<\/p>\n\n\n\n<p class=\"wp-block-paragraph\">\u201eRu\u0161no. Dorazilo jarn\u00ed zbo\u017e\u00ed.\u201c<\/p>\n\n\n\n<p class=\"wp-block-paragraph\">\u201eTo je hezk\u00e9.\u201c<\/p>\n\n\n\n<p class=\"wp-block-paragraph\">Dv\u011b slova.<\/p>\n\n\n\n<p class=\"wp-block-paragraph\"><strong>Pak se dychtiv\u011b obr\u00e1tila k Vanesse.<\/strong><\/p>\n\n\n\n<p class=\"wp-block-paragraph\">\u201e\u0158ekni Audrey o Danielovi.\u201c<\/p>\n\n\n\n<p class=\"wp-block-paragraph\">Vanessa se rozz\u00e1\u0159ila.<\/p>\n\n\n\n<p class=\"wp-block-paragraph\">\u201eSenior viceprezident. Nejmlad\u0161\u00ed ve sv\u00e9m odd\u011blen\u00ed.\u201c<\/p>\n\n\n\n<p class=\"wp-block-paragraph\">Str\u00fdc Charles zvedl sklenku \u0161ampa\u0148sk\u00e9ho.<\/p>\n\n\n\n<p class=\"wp-block-paragraph\">\u201eTo u\u017e stoj\u00ed za oslavu.\u201c<\/p>\n\n\n\n<p class=\"wp-block-paragraph\">Skleni\u010dky zacinkaly.<\/p>\n\n\n\n<p class=\"wp-block-paragraph\">T\u00e1ta se py\u0161n\u011b usm\u00e1l.<\/p>\n\n\n\n<p class=\"wp-block-paragraph\">\u201eVe t\u0159ia\u010dty\u0159iceti a u\u017e je SVP. To je ambice.\u201c<\/p>\n\n\n\n<p class=\"wp-block-paragraph\">Ani se na m\u011b nepod\u00edval.<\/p>\n\n\n\n<p class=\"wp-block-paragraph\">Nemusel.<\/p>\n\n\n\n<p class=\"wp-block-paragraph\"><strong>Vanessa si vzala \u00fasp\u011bch. J\u00e1 jsem \u00fadajn\u011b skl\u00e1dala svetry.<\/strong><\/p>\n\n\n\n<p class=\"wp-block-paragraph\">To byl rodinn\u00fd p\u0159\u00edb\u011bh.<\/p>\n\n\n\n<p class=\"wp-block-paragraph\">A j\u00e1 jim ho cel\u00e9 roky dovolovala vypr\u00e1v\u011bt.<\/p>\n\n\n\n<p class=\"wp-block-paragraph\">Teta Rebecca se ke mn\u011b naklonila.<\/p>\n\n\n\n<p class=\"wp-block-paragraph\">\u201ePo\u0159\u00e1d pracuje\u0161 v tom \u0159et\u011bzci s oble\u010den\u00edm?\u201c<\/p>\n\n\n\n<p class=\"wp-block-paragraph\">\u201eStyleHub.\u201c<\/p>\n\n\n\n<p class=\"wp-block-paragraph\">\u201eAno! Ten obchod v n\u00e1kupn\u00edm centru.\u201c<\/p>\n\n\n\n<p class=\"wp-block-paragraph\">Slovo <em>n\u00e1kupn\u00ed centrum<\/em> vyslovila, jako by m\u00e1lem \u0159ekla <em>skl\u00e1dka<\/em>.<\/p>\n\n\n\n<p class=\"wp-block-paragraph\">\u201eTak to mus\u00ed\u0161 m\u00edt alespo\u0148 dobr\u00e9 slevy.\u201c<\/p>\n\n\n\n<p class=\"wp-block-paragraph\">\u201eM\u00e1m.\u201c<\/p>\n\n\n\n<p class=\"wp-block-paragraph\">Vanessa se naklonila dop\u0159edu.<\/p>\n\n\n\n<p class=\"wp-block-paragraph\">\u201eV\u00ed\u0161, Danielova firma hled\u00e1 administrativn\u00ed asistentky.\u201c<\/p>\n\n\n\n<p class=\"wp-block-paragraph\">Daniel se na ni pod\u00edval.<\/p>\n\n\n\n<p class=\"wp-block-paragraph\">\u201eAsi bych ti mohla za\u0159\u00eddit pohovor,\u201c pokra\u010dovala.<\/p>\n\n\n\n<p class=\"wp-block-paragraph\">\u201eJsem v pohod\u011b.\u201c<\/p>\n\n\n\n<p class=\"wp-block-paragraph\">\u201eNem\u011bla bys to odm\u00edtat.\u201c<\/p>\n\n\n\n<p class=\"wp-block-paragraph\">\u201eJ\u00e1 to neodm\u00edt\u00e1m.\u201c<\/p>\n\n\n\n<p class=\"wp-block-paragraph\">Jej\u00ed \u00fasm\u011bv se zm\u011bnil v trp\u011bliv\u00fd.<\/p>\n\n\n\n<p class=\"wp-block-paragraph\">Pov\u00fd\u0161en\u00fd.<\/p>\n\n\n\n<p class=\"wp-block-paragraph\">\u201eAudrey, pr\u00e1ce v maloobchod\u011b je v po\u0159\u00e1dku, kdy\u017e je ti dvaadvacet a teprve zji\u0161\u0165uje\u0161, co chce\u0161 v \u017eivot\u011b d\u011blat. Ale je ti \u010dty\u0159iat\u0159icet.\u201c<\/p>\n\n\n\n<p class=\"wp-block-paragraph\">\u201eMoje budoucnost je v po\u0159\u00e1dku.\u201c<\/p>\n\n\n\n<p class=\"wp-block-paragraph\">M\u00e1ma a Vanessa si vym\u011bnily ten zn\u00e1m\u00fd pohled.<\/p>\n\n\n\n<p class=\"wp-block-paragraph\">Chud\u00e1k Audrey.<\/p>\n\n\n\n<p class=\"wp-block-paragraph\">Po\u0159\u00e1d zmaten\u00e1.<\/p>\n\n\n\n<p class=\"wp-block-paragraph\">T\u00e1ta odlo\u017eil telefon.<\/p>\n\n\n\n<p class=\"wp-block-paragraph\">\u201eTvoje sestra se ti sna\u017e\u00ed pomoct.\u201c<\/p>\n\n\n\n<p class=\"wp-block-paragraph\">\u201eJ\u00e1 v\u00edm.\u201c<\/p>\n\n\n\n<p class=\"wp-block-paragraph\">\u201eTak ji poslouchej.\u201c<\/p>\n\n\n\n<p class=\"wp-block-paragraph\">Vanessa si povzdechla.<\/p>\n\n\n\n<p class=\"wp-block-paragraph\">\u201eVid\u00ed\u0161? P\u0159esn\u011b tohle je tv\u016fj probl\u00e9m. Nerozum\u00ed\u0161 p\u0159\u00edle\u017eitostem, proto\u017ee jsi nikdy nerozum\u011bla podnik\u00e1n\u00ed.\u201c<\/p>\n\n\n\n<p class=\"wp-block-paragraph\">Daniel vypadal nesv\u016fj.<\/p>\n\n\n\n<p class=\"wp-block-paragraph\">\u201eVanesso.\u201c<\/p>\n\n\n\n<p class=\"wp-block-paragraph\">\u201eCo?\u201c<\/p>\n\n\n\n<p class=\"wp-block-paragraph\">Zasm\u00e1la se.<\/p>\n\n\n\n<p class=\"wp-block-paragraph\">\u201eJen jsem up\u0159\u00edmn\u00e1.\u201c<\/p>\n\n\n\n<p class=\"wp-block-paragraph\">Pak se oto\u010dila ke stolu.<\/p>\n\n\n\n<p class=\"wp-block-paragraph\">\u201ePodnik\u00e1n\u00ed nikdy nebylo Audreyinou silnou str\u00e1nkou.\u201c<\/p>\n\n\n\n<p class=\"wp-block-paragraph\">V hrudi se ve mn\u011b n\u011bco pohnulo.<\/p>\n\n\n\n<p class=\"wp-block-paragraph\">Nebyla to p\u0159esn\u011b bolest.<\/p>\n\n\n\n<p class=\"wp-block-paragraph\">Sp\u00ed\u0161 vzpom\u00ednka na bolest.<\/p>\n\n\n\n<p class=\"wp-block-paragraph\">Ve dvaadvaceti m\u011b podobn\u00e9 pozn\u00e1mky dok\u00e1zaly zni\u010dit na cel\u00fd t\u00fdden.<\/p>\n\n\n\n<p class=\"wp-block-paragraph\">V p\u011btadvaceti m\u011b mohly rozplakat v aut\u011b.<\/p>\n\n\n\n<p class=\"wp-block-paragraph\">Ve \u010dty\u0159iat\u0159iceti?<\/p>\n\n\n\n<p class=\"wp-block-paragraph\">Byly t\u00e9m\u011b\u0159 sm\u011b\u0161n\u00e9.<\/p>\n\n\n\n<p class=\"wp-block-paragraph\">Vanessa zvedla sklenku mim\u00f3zy.<\/p>\n\n\n\n<p class=\"wp-block-paragraph\"><strong>\u201eJe p\u0159\u00edli\u0161 hloup\u00e1 na to, aby rozum\u011bla podnik\u00e1n\u00ed.\u201c<\/strong><\/p>\n\n\n\n<p class=\"wp-block-paragraph\">Na p\u016fl vte\u0159iny nikdo nepromluvil.<\/p>\n\n\n\n<p class=\"wp-block-paragraph\">Pak se m\u00e1ma zasm\u00e1la.<\/p>\n\n\n\n<p class=\"wp-block-paragraph\">T\u00e1ta se uchechtl.<\/p>\n\n\n\n<p class=\"wp-block-paragraph\">Teta Rebecca sklopila o\u010di.<\/p>\n\n\n\n<p class=\"wp-block-paragraph\">Daniel zam\u00edchal k\u00e1vu.<\/p>\n\n\n\n<p class=\"wp-block-paragraph\">Vanessa to dokon\u010dila.<\/p>\n\n\n\n<p class=\"wp-block-paragraph\"><strong>\u201eProto pracuje v maloobchod\u011b.\u201c<\/strong><\/p>\n\n\n\n<p class=\"wp-block-paragraph\">Moji rodi\u010de se sm\u00e1li je\u0161t\u011b hlasit\u011bji.<\/p>\n\n\n\n<p class=\"wp-block-paragraph\">Rozhl\u00e9dla jsem se po stole.<\/p>\n\n\n\n<p class=\"wp-block-paragraph\">A najednou jsem si vzpomn\u011bla na jin\u00fd st\u016fl.<\/p>\n\n\n\n<p class=\"wp-block-paragraph\">Levn\u00fd lamin\u00e1tov\u00fd st\u016fl v odpo\u010dinkov\u00e9 m\u00edstnosti pro zam\u011bstnance prodejny StyleHub \u010d. 17.<\/p>\n\n\n\n<p class=\"wp-block-paragraph\">P\u0159ed dvan\u00e1cti lety.<\/p>\n\n\n\n<p class=\"wp-block-paragraph\">Bylo mi dvaadvacet, byla jsem bez pen\u011bz, vy\u010derpan\u00e1 a k ve\u010de\u0159i jsem jedla su\u0161enky z automatu.<\/p>\n\n\n\n<p class=\"wp-block-paragraph\">Naproti mn\u011b sed\u011bla mana\u017eerka Denise Carterov\u00e1 a mezi n\u00e1mi le\u017eely inventurn\u00ed zpr\u00e1vy.<\/p>\n\n\n\n<p class=\"wp-block-paragraph\">\u201eChyb\u00ed n\u00e1m t\u0159i sta bund,\u201c \u0159ekla.<\/p>\n\n\n\n<p class=\"wp-block-paragraph\">\u201eNechyb\u00ed.\u201c<\/p>\n\n\n\n<p class=\"wp-block-paragraph\">Pod\u00edvala se na m\u011b.<\/p>\n\n\n\n<p class=\"wp-block-paragraph\">\u201eJsou ve Phoenixu.\u201c<\/p>\n\n\n\n<p class=\"wp-block-paragraph\">\u201eCo\u017ee?\u201c<\/p>\n\n\n\n<p class=\"wp-block-paragraph\">\u201eDistribu\u010dn\u00ed software poslal polovinu kalifornsk\u00e9 z\u00e1silky do Arizony.\u201c<\/p>\n\n\n\n<p class=\"wp-block-paragraph\">Denise zamrkala.<\/p>\n\n\n\n<p class=\"wp-block-paragraph\">\u201eJak to v\u00ed\u0161?\u201c<\/p>\n\n\n\n<p class=\"wp-block-paragraph\">\u201eZkontrolovala jsem v\u0161echny p\u0159esuny.\u201c<\/p>\n\n\n\n<p class=\"wp-block-paragraph\">Tu noc jsem z\u016fstala a\u017e do dvou r\u00e1no a na star\u00e9m notebooku jsem mapovala probl\u00e9my StyleHubu se z\u00e1sobami.<\/p>\n\n\n\n<p class=\"wp-block-paragraph\">Pak jsem to ud\u011blala znovu dal\u0161\u00ed noc.<\/p>\n\n\n\n<p class=\"wp-block-paragraph\">A dal\u0161\u00ed.<\/p>\n\n\n\n<p class=\"wp-block-paragraph\">B\u011bhem \u0161esti m\u011bs\u00edc\u016f jsem vytvo\u0159ila primitivn\u00ed program, kter\u00fd dok\u00e1zal p\u0159edpov\u00eddat nedostatek zbo\u017e\u00ed p\u0159esn\u011bji ne\u017e software, za kter\u00fd StyleHub zaplatil miliony.<\/p>\n\n\n\n<p class=\"wp-block-paragraph\">Spole\u010dnost tehdy bojovala o p\u0159e\u017eit\u00ed.<\/p>\n\n\n\n<p class=\"wp-block-paragraph\">T\u0159icet jedna prodejen.<\/p>\n\n\n\n<p class=\"wp-block-paragraph\">Klesaj\u00edc\u00ed tr\u017eby.<\/p>\n\n\n\n<p class=\"wp-block-paragraph\">Banky krou\u017eily kolem.<\/p>\n\n\n\n<p class=\"wp-block-paragraph\">Mana\u017ee\u0159i si p\u0159ipravovali zlat\u00e9 pad\u00e1ky.<\/p>\n\n\n\n<p class=\"wp-block-paragraph\">J\u00e1 byla vedouc\u00ed sm\u011bny a vyd\u011bl\u00e1vala 14,75 dolaru na hodinu.<\/p>\n\n\n\n<p class=\"wp-block-paragraph\">Nikdo d\u016fle\u017eit\u00fd neznal moje jm\u00e9no.<\/p>\n\n\n\n<p class=\"wp-block-paragraph\">Krom\u011b zakladatelky StyleHubu.<\/p>\n\n\n\n<p class=\"wp-block-paragraph\"><strong>Evelyn Bennettov\u00e1. Moje babi\u010dka.<\/strong><\/p>\n\n\n\n<p class=\"wp-block-paragraph\">Babi\u010dka Evelyn otev\u0159ela prvn\u00ed StyleHub v roce 1978 se dv\u011bma stojany na oble\u010den\u00ed, jednou pokladnou a \u00fasporami, kter\u00e9 si vyd\u011blala jako \u0161vadlena.<\/p>\n\n\n\n<p class=\"wp-block-paragraph\">Kdy\u017e jsem se narodila, stal se z n\u011bj uzn\u00e1van\u00fd region\u00e1ln\u00ed \u0159et\u011bzec.<\/p>\n\n\n\n<p class=\"wp-block-paragraph\">Pak ho m\u00e1lem zni\u010dilo st\u00e1\u0159\u00ed, neschopn\u00ed mana\u017ee\u0159i a m\u011bn\u00edc\u00ed se n\u00e1kupn\u00ed zvyklosti.<\/p>\n\n\n\n<p class=\"wp-block-paragraph\">T\u00e1ta o jej\u00ed spole\u010dnosti nerad mluvil.<\/p>\n\n\n\n<p class=\"wp-block-paragraph\">\u201eMaloobchod je um\u00edraj\u00edc\u00ed odv\u011btv\u00ed,\u201c \u0159ekl mi kdysi Robert Bennett.<\/p>\n\n\n\n<p class=\"wp-block-paragraph\">M\u00edsto toho se pustil do nemovitost\u00ed.<\/p>\n\n\n\n<p class=\"wp-block-paragraph\">Vanessa s n\u00edm souhlasila.<\/p>\n\n\n\n<p class=\"wp-block-paragraph\">J\u00e1 ne.<\/p>\n\n\n\n<p class=\"wp-block-paragraph\">Kdy\u017e babi\u010dka uvid\u011bla m\u016fj program pro \u0159\u00edzen\u00ed z\u00e1sob, polo\u017eila mi jedinou ot\u00e1zku.<\/p>\n\n\n\n<p class=\"wp-block-paragraph\">\u201eDok\u00e1\u017ee to zachr\u00e1nit moje obchody?\u201c<\/p>\n\n\n\n<p class=\"wp-block-paragraph\">\u0158ekla jsem: \u201eNev\u00edm.\u201c<\/p>\n\n\n\n<p class=\"wp-block-paragraph\">Usm\u00e1la se.<\/p>\n\n\n\n<p class=\"wp-block-paragraph\">\u201eDobr\u00e1 odpov\u011b\u010f. Lid\u00e9, kte\u0159\u00ed si mysl\u00ed, \u017ee v\u011bd\u00ed v\u0161echno, jsou obvykle idioti.\u201c<\/p>\n\n\n\n<p class=\"wp-block-paragraph\">O \u0161est m\u011bs\u00edc\u016f pozd\u011bji ze m\u011b ud\u011blala provozn\u00ed \u0159editelku.<\/p>\n\n\n\n<p class=\"wp-block-paragraph\">Moji rodi\u010de tomu \u0159\u00edkali nepotismus.<\/p>\n\n\n\n<p class=\"wp-block-paragraph\">Vanessa tomu \u0159\u00edkala trapnost.<\/p>\n\n\n\n<p class=\"wp-block-paragraph\">Tak jsem o pr\u00e1ci p\u0159estala mluvit.<\/p>\n\n\n\n<p class=\"wp-block-paragraph\">Kdy\u017e babi\u010dka o dva roky pozd\u011bji zem\u0159ela, StyleHub se st\u00e1le topil v dluz\u00edch.<\/p>\n\n\n\n<p class=\"wp-block-paragraph\">P\u0159edstavenstvo cht\u011blo likvidaci.<\/p>\n\n\n\n<p class=\"wp-block-paragraph\">Zastavila jsem v\u0161e, co jsem vlastnila, p\u0159esv\u011bd\u010dila t\u0159i soukrom\u00e9 investory, aby na m\u011b vsadili, a koupila kontroln\u00ed pod\u00edl.<\/p>\n\n\n\n<p class=\"wp-block-paragraph\"><strong>Ve sv\u00fdch sedmadvaceti jsem se stala gener\u00e1ln\u00ed \u0159editelkou spole\u010dnosti, o kter\u00e9 v\u0161ichni ostatn\u00ed v\u011b\u0159ili, \u017ee u\u017e je mrtv\u00e1.<\/strong><\/p>\n\n\n\n<p class=\"wp-block-paragraph\">Moje rodina se nikdy nezeptala.<\/p>\n\n\n\n<p class=\"wp-block-paragraph\">A j\u00e1 jim to nikdy ne\u0159ekla.<\/p>\n\n\n\n<p class=\"wp-block-paragraph\">Sly\u0161eli \u201eStyleHub\u201c a p\u0159edpokl\u00e1dali, \u017ee st\u00e1le pracuji za pokladnou.<\/p>\n\n\n\n<p class=\"wp-block-paragraph\">Technicky vzato jsem tam n\u011bkdy opravdu pracovala.<\/p>\n\n\n\n<p class=\"wp-block-paragraph\">Vy\u017eadovala jsem, aby ka\u017ed\u00fd seniorn\u00ed mana\u017eer, v\u010detn\u011b m\u011b, pracoval ka\u017ed\u00e9 \u010dtvrtlet\u00ed p\u0159\u00edmo v n\u011bkter\u00e9 z prodejen.<\/p>\n\n\n\n<p class=\"wp-block-paragraph\">Bez doprovodu.<\/p>\n\n\n\n<p class=\"wp-block-paragraph\">Bez zvl\u00e1\u0161tn\u00edho zach\u00e1zen\u00ed.<\/p>\n\n\n\n<p class=\"wp-block-paragraph\">Dopl\u0148ovali jsme zbo\u017e\u00ed.<\/p>\n\n\n\n<p class=\"wp-block-paragraph\">Vy\u0159izovali reklamace.<\/p>\n\n\n\n<p class=\"wp-block-paragraph\">Naslouchali z\u00e1kazn\u00edk\u016fm.<\/p>\n\n\n\n<p class=\"wp-block-paragraph\">Tahle politika m\u011b nau\u010dila o podnik\u00e1n\u00ed v\u00edc ne\u017e v\u011bt\u0161ina MBA program\u016f.<\/p>\n\n\n\n<p class=\"wp-block-paragraph\">StyleHub vyrostl z 31 pobo\u010dek na 847.<\/p>\n\n\n\n<p class=\"wp-block-paragraph\">M\u016fj software pro \u0159\u00edzen\u00ed z\u00e1sob se stal samostatn\u00fdm podnikem.<\/p>\n\n\n\n<p class=\"wp-block-paragraph\">Bennett Technologies.<\/p>\n\n\n\n<p class=\"wp-block-paragraph\">Licence si po\u0159izovali maloobchodn\u00edci.<\/p>\n\n\n\n<p class=\"wp-block-paragraph\">Potom v\u00fdrobci.<\/p>\n\n\n\n<p class=\"wp-block-paragraph\">Dopravn\u00ed spole\u010dnosti.<\/p>\n\n\n\n<p class=\"wp-block-paragraph\">Nemocnice.<\/p>\n\n\n\n<p class=\"wp-block-paragraph\">Glob\u00e1ln\u00ed logistick\u00e9 firmy.<\/p>\n\n\n\n<p class=\"wp-block-paragraph\">Ve \u010dty\u0159iat\u0159iceti jsem zam\u011bstn\u00e1vala v\u00edce ne\u017e 60 000 lid\u00ed.<\/p>\n\n\n\n<p class=\"wp-block-paragraph\">A ka\u017ed\u00e9 V\u00e1noce se m\u011b Vanessa st\u00e1le ptala, kdy si hodl\u00e1m naj\u00edt \u201eskute\u010dnou kari\u00e9ru\u201c.<\/p>\n\n\n\n<p class=\"wp-block-paragraph\">Nechala jsem ji.<\/p>\n\n\n\n<p class=\"wp-block-paragraph\">Pro\u010d?<\/p>\n\n\n\n<p class=\"wp-block-paragraph\">Zpo\u010d\u00e1tku kv\u016fli hrdosti.<\/p>\n\n\n\n<p class=\"wp-block-paragraph\">Potom ze zv\u011bdavosti.<\/p>\n\n\n\n<p class=\"wp-block-paragraph\">A nakonec proto, \u017ee jsem cht\u011bla m\u00edt alespo\u0148 jednu \u010d\u00e1st \u017eivota, kde se ke mn\u011b nikdo nebude chovat jinak jen kv\u016fli pen\u011bz\u016fm.<\/p>\n\n\n\n<p class=\"wp-block-paragraph\">Pokud si m\u011b vlastn\u00ed rodina nedok\u00e1zala v\u00e1\u017eit, ani\u017e by znala moje jm\u011bn\u00ed, cht\u011bla jsem to v\u011bd\u011bt.<\/p>\n\n\n\n<p class=\"wp-block-paragraph\">Odpov\u011b\u010f u\u017e byla jasn\u00e1.<\/p>\n\n\n\n<p class=\"wp-block-paragraph\">Telefon zavibroval.<\/p>\n\n\n\n<p class=\"wp-block-paragraph\">9:47.<\/p>\n\n\n\n<p class=\"wp-block-paragraph\"><strong>P\u0158\u00cdJEZD POTVRZEN.<\/strong><\/p>\n\n\n\n<p class=\"wp-block-paragraph\">Vanessa si toho v\u0161imla.<\/p>\n\n\n\n<p class=\"wp-block-paragraph\">\u201eN\u011bkdo z obchodu?\u201c<\/p>\n\n\n\n<p class=\"wp-block-paragraph\">\u201eDalo by se to tak \u0159\u00edct.\u201c<\/p>\n\n\n\n<p class=\"wp-block-paragraph\">Zasm\u00e1la se.<\/p>\n\n\n\n<p class=\"wp-block-paragraph\">\u201eJist\u011b. Ty svetry p\u0159ece bez tebe Velikonoce nep\u0159e\u017eij\u00ed.\u201c<\/p>\n\n\n\n<p class=\"wp-block-paragraph\">Na terasu vstoupila \u017eena.<\/p>\n\n\n\n<p class=\"wp-block-paragraph\">Tmavomodr\u00fd kost\u00fdm.<\/p>\n\n\n\n<p class=\"wp-block-paragraph\">Tmav\u00e9 vlasy.<\/p>\n\n\n\n<p class=\"wp-block-paragraph\">Ko\u017een\u00e9 portfolio.<\/p>\n\n\n\n<p class=\"wp-block-paragraph\">Maya Chenov\u00e1, moje v\u00fdkonn\u00e1 asistentka.<\/p>\n\n\n\n<p class=\"wp-block-paragraph\">Daniel si j\u00ed v\u0161iml jako prvn\u00ed.<\/p>\n\n\n\n<p class=\"wp-block-paragraph\">Jeho v\u00fdraz se zm\u011bnil.<\/p>\n\n\n\n<p class=\"wp-block-paragraph\">Maya se objevila v dostate\u010dn\u00e9m mno\u017estv\u00ed obchodn\u00edch publikac\u00ed, aby ka\u017ed\u00fd, kdo skute\u010dn\u011b sledoval soukrom\u00fd kapit\u00e1l a technologie, znal jej\u00ed tv\u00e1\u0159.<\/p>\n\n\n\n<p class=\"wp-block-paragraph\">Daniel se narovnal.<\/p>\n\n\n\n<p class=\"wp-block-paragraph\">\u201eJe to Maya Chenov\u00e1?\u201c<\/p>\n\n\n\n<p class=\"wp-block-paragraph\">Vanessa se zamra\u010dila.<\/p>\n\n\n\n<p class=\"wp-block-paragraph\">\u201eKdo?\u201c<\/p>\n\n\n\n<p class=\"wp-block-paragraph\">Neodpov\u011bd\u011bl.<\/p>\n\n\n\n<p class=\"wp-block-paragraph\">Maya zam\u00ed\u0159ila p\u0159\u00edmo ke mn\u011b.<\/p>\n\n\n\n<p class=\"wp-block-paragraph\">Zastavila se vedle m\u00e9 \u017eidle.<\/p>\n\n\n\n<p class=\"wp-block-paragraph\">\u201ePan\u00ed Bennettov\u00e1.\u201c<\/p>\n\n\n\n<p class=\"wp-block-paragraph\">Vanessin \u00fasm\u011bv zmizel.<\/p>\n\n\n\n<p class=\"wp-block-paragraph\">Maya otev\u0159ela portfolio.<\/p>\n\n\n\n<p class=\"wp-block-paragraph\"><strong>\u201eF\u00faze s Morgan Stanley je dokon\u010dena. Hodnota spole\u010dnosti Bennett Technologies po transakci je ofici\u00e1ln\u011b 4,2 miliardy dolar\u016f.\u201c<\/strong><\/p>\n\n\n\n<p class=\"wp-block-paragraph\">Ticho.<\/p>\n\n\n\n<p class=\"wp-block-paragraph\">Ne trapn\u00e9 ticho.<\/p>\n\n\n\n<p class=\"wp-block-paragraph\">Naprost\u00e9 ticho.<\/p>\n\n\n\n<p class=\"wp-block-paragraph\">Dokonce i oce\u00e1n jako by ztichl.<\/p>\n\n\n\n<p class=\"wp-block-paragraph\">Daniel z\u016fstal nehybn\u011b st\u00e1t se \u0161\u00e1lkem v p\u016fli cesty k \u00fast\u016fm.<\/p>\n\n\n\n<p class=\"wp-block-paragraph\">M\u00e1ma zamrkala.<\/p>\n\n\n\n<p class=\"wp-block-paragraph\">T\u00e1ta z\u00edral na Mayu.<\/p>\n\n\n\n<p class=\"wp-block-paragraph\">Vanessa se pod\u00edvala na m\u011b.<\/p>\n\n\n\n<p class=\"wp-block-paragraph\">Pak na Daniela.<\/p>\n\n\n\n<p class=\"wp-block-paragraph\">A znovu na m\u011b.<\/p>\n\n\n\n<p class=\"wp-block-paragraph\">\u201eCo \u0159\u00edkala?\u201c<\/p>\n\n\n\n<p class=\"wp-block-paragraph\">Daniel promluvil jako prvn\u00ed.<\/p>\n\n\n\n<p class=\"wp-block-paragraph\">\u201eBennett Technologies?\u201c<\/p>\n\n\n\n<p class=\"wp-block-paragraph\">\u201eAno,\u201c odpov\u011bd\u011bla Maya.<\/p>\n\n\n\n<p class=\"wp-block-paragraph\">Jeho tv\u00e1\u0159 zbledla.<\/p>\n\n\n\n<p class=\"wp-block-paragraph\">\u201eTa logistick\u00e1 spole\u010dnost?\u201c<\/p>\n\n\n\n<p class=\"wp-block-paragraph\">Usm\u00e1la jsem se.<\/p>\n\n\n\n<p class=\"wp-block-paragraph\">\u201eTa.\u201c<\/p>\n\n\n\n<p class=\"wp-block-paragraph\">Vanessa se prudce oto\u010dila.<\/p>\n\n\n\n<p class=\"wp-block-paragraph\">\u201eJak\u00e1 logistick\u00e1 spole\u010dnost?\u201c<\/p>\n\n\n\n<p class=\"wp-block-paragraph\">Daniel vypadal, jako by se mu ud\u011blalo \u0161patn\u011b.<\/p>\n\n\n\n<p class=\"wp-block-paragraph\">\u201eJedna z nejrychleji rostouc\u00edch soukrom\u00fdch technologick\u00fdch spole\u010dnost\u00ed v Severn\u00ed Americe.\u201c<\/p>\n\n\n\n<p class=\"wp-block-paragraph\">M\u00e1ma na m\u011b z\u00edrala.<\/p>\n\n\n\n<p class=\"wp-block-paragraph\">\u201eTvoje spole\u010dnost?\u201c<\/p>\n\n\n\n<p class=\"wp-block-paragraph\">\u201eVlastn\u00edm v\u011bt\u0161inov\u00fd pod\u00edl.\u201c<\/p>\n\n\n\n<p class=\"wp-block-paragraph\">Vanessa zavrt\u011bla hlavou.<\/p>\n\n\n\n<p class=\"wp-block-paragraph\">\u201eNe.\u201c<\/p>\n\n\n\n<p class=\"wp-block-paragraph\">Zn\u011blo to m\u00e9n\u011b jako nesouhlas a v\u00edce jako p\u0159\u00edkaz realit\u011b.<\/p>\n\n\n\n<p class=\"wp-block-paragraph\">\u201eNe. Ty pracuje\u0161 ve StyleHubu.\u201c<\/p>\n\n\n\n<p class=\"wp-block-paragraph\">\u201eAno.\u201c<\/p>\n\n\n\n<p class=\"wp-block-paragraph\">Na jednu absurdn\u00ed vte\u0159inu se jej\u00ed ramena uvolnila.<\/p>\n\n\n\n<p class=\"wp-block-paragraph\">\u201eP\u0159esn\u011b.\u201c<\/p>\n\n\n\n<p class=\"wp-block-paragraph\">Usm\u00e1la jsem se.<\/p>\n\n\n\n<p class=\"wp-block-paragraph\"><strong>\u201eStyleHub pat\u0159\u00ed mn\u011b.\u201c<\/strong><\/p>\n\n\n\n<p class=\"wp-block-paragraph\">Otev\u0159ela \u00fasta.<\/p>\n\n\n\n<p class=\"wp-block-paragraph\">Pokra\u010dovala jsem.<\/p>\n\n\n\n<p class=\"wp-block-paragraph\">\u201eV\u0161ech 847 prodejen.\u201c<\/p>\n\n\n\n<p class=\"wp-block-paragraph\">M\u00e1mina sklenka \u0161ampa\u0148sk\u00e9ho cinkla o tal\u00ed\u0159.<\/p>\n\n\n\n<p class=\"wp-block-paragraph\">T\u00e1ta se p\u0159edklonil.<\/p>\n\n\n\n<p class=\"wp-block-paragraph\">\u201eChce\u0161 n\u00e1m \u0159\u00edct, \u017ee vlastn\u00ed\u0161 cel\u00fd \u0159et\u011bzec?\u201c<\/p>\n\n\n\n<p class=\"wp-block-paragraph\">\u201eKontroln\u00ed pod\u00edl.\u201c<\/p>\n\n\n\n<p class=\"wp-block-paragraph\">Vanessa se pod\u00edvala na Daniela, jako by o\u010dek\u00e1vala, \u017ee odhal\u00ed n\u011bjak\u00fd vtip.<\/p>\n\n\n\n<p class=\"wp-block-paragraph\">Neud\u011blal to.<\/p>\n\n\n\n<p class=\"wp-block-paragraph\">Uk\u00e1zala jsem kolem sebe.<\/p>\n\n\n\n<p class=\"wp-block-paragraph\">\u201eA Seaside Springs?\u201c<\/p>\n\n\n\n<p class=\"wp-block-paragraph\">Vanessa sledovala m\u016fj pohyb.<\/p>\n\n\n\n<p class=\"wp-block-paragraph\">Jej\u00ed v\u00fdraz se znovu zm\u011bnil.<\/p>\n\n\n\n<p class=\"wp-block-paragraph\">\u201eKoupila jsem ho minul\u00fd m\u011bs\u00edc.\u201c<\/p>\n\n\n\n<p class=\"wp-block-paragraph\">Ticho.<\/p>\n\n\n\n<p class=\"wp-block-paragraph\">T\u00e1ta se nakonec zasm\u00e1l.<\/p>\n\n\n\n<p class=\"wp-block-paragraph\">Ne proto, \u017ee by n\u011bco bylo vtipn\u00e9.<\/p>\n\n\n\n<p class=\"wp-block-paragraph\">Jeho mozek prost\u011b pot\u0159eboval n\u011bjakou reakci.<\/p>\n\n\n\n<p class=\"wp-block-paragraph\">\u201eTo nen\u00ed mo\u017en\u00e9.\u201c<\/p>\n\n\n\n<p class=\"wp-block-paragraph\">\u201eJe.\u201c<\/p>\n\n\n\n<p class=\"wp-block-paragraph\">Rozhl\u00e9dla jsem se po terase.<\/p>\n\n\n\n<p class=\"wp-block-paragraph\">\u201eBylo to drah\u00e9.\u201c<\/p>\n\n\n\n<p class=\"wp-block-paragraph\"><strong>Str\u00fdc Charles si odka\u0161lal do ubrousku a o\u010dividn\u011b se sna\u017eil skr\u00fdt \u00fasm\u011bv.<\/strong><\/p>\n\n\n\n<p class=\"wp-block-paragraph\">Vanessa vstala.<\/p>\n\n\n\n<p class=\"wp-block-paragraph\">\u201eTak\u017ee jsi n\u00e1m lhala?\u201c<\/p>\n\n\n\n<p class=\"wp-block-paragraph\">To m\u011b p\u0159ekvapilo.<\/p>\n\n\n\n<p class=\"wp-block-paragraph\">\u201eO \u010dem?\u201c<\/p>\n\n\n\n<p class=\"wp-block-paragraph\">\u201eO v\u0161em!\u201c<\/p>\n\n\n\n<p class=\"wp-block-paragraph\">\u201eNikdy ses nezeptala, co ve StyleHubu d\u011bl\u00e1m.\u201c<\/p>\n\n\n\n<p class=\"wp-block-paragraph\">\u201e\u0158ekla jsi n\u00e1m, \u017ee tam pracuje\u0161!\u201c<\/p>\n\n\n\n<p class=\"wp-block-paragraph\">\u201ePracuji.\u201c<\/p>\n\n\n\n<p class=\"wp-block-paragraph\">\u201eTohle je neuv\u011b\u0159iteln\u011b ne\u010destn\u00e9.\u201c<\/p>\n\n\n\n<p class=\"wp-block-paragraph\">Tu logiku jsem m\u00e1lem obdivovala.<\/p>\n\n\n\n<p class=\"wp-block-paragraph\">\u201eCelou hodinu si ze m\u011b d\u011bl\u00e1te legraci, proto\u017ee jste si mysleli, \u017ee jsem oby\u010dejn\u00e1 zam\u011bstnankyn\u011b maloobchodu.\u201c<\/p>\n\n\n\n<p class=\"wp-block-paragraph\">\u201eTo je n\u011bco jin\u00e9ho.\u201c<\/p>\n\n\n\n<p class=\"wp-block-paragraph\">\u201eV \u010dem?\u201c<\/p>\n\n\n\n<p class=\"wp-block-paragraph\">Zrudla.<\/p>\n\n\n\n<p class=\"wp-block-paragraph\">M\u00e1ma zas\u00e1hla.<\/p>\n\n\n\n<p class=\"wp-block-paragraph\">\u201eAudrey, ur\u010dit\u011b ch\u00e1pe\u0161, pro\u010d jsme v \u0161oku.\u201c<\/p>\n\n\n\n<p class=\"wp-block-paragraph\">\u201e\u0160ok ch\u00e1pu.\u201c<\/p>\n\n\n\n<p class=\"wp-block-paragraph\">T\u00e1ta na m\u011b uk\u00e1zal.<\/p>\n\n\n\n<p class=\"wp-block-paragraph\">\u201eZ\u00e1m\u011brn\u011b jsi nechala svou matku a m\u011b v\u011b\u0159it, \u017ee se tr\u00e1p\u00ed\u0161.\u201c<\/p>\n\n\n\n<p class=\"wp-block-paragraph\">\u201eNe. Vy jste se sami rozhodli, \u017ee se tr\u00e1p\u00edm.\u201c<\/p>\n\n\n\n<p class=\"wp-block-paragraph\">\u201eNab\u00eddl jsem ti pen\u00edze!\u201c<\/p>\n\n\n\n<p class=\"wp-block-paragraph\">\u201eJednou. P\u0159ed sedmi lety. Pot\u00e9, co ses m\u011b zeptal, jestli ti je m\u016f\u017eu splatit zam\u011bstnaneckou slevou.\u201c<\/p>\n\n\n\n<p class=\"wp-block-paragraph\">Str\u00fdc Charles sklopil sklenku.<\/p>\n\n\n\n<p class=\"wp-block-paragraph\">Pamatoval si to.<\/p>\n\n\n\n<p class=\"wp-block-paragraph\">T\u00e1t\u016fv v\u00fdraz ztuhl.<\/p>\n\n\n\n<p class=\"wp-block-paragraph\">Daniel st\u00e1le ml\u010del.<\/p>\n\n\n\n<p class=\"wp-block-paragraph\">Z\u00edral na Mayino portfolio.<\/p>\n\n\n\n<p class=\"wp-block-paragraph\">Pak se zeptal na n\u011bco zvl\u00e1\u0161tn\u00edho.<\/p>\n\n\n\n<p class=\"wp-block-paragraph\">\u201eJak\u00e1 f\u00faze?\u201c<\/p>\n\n\n\n<p class=\"wp-block-paragraph\">Maya se na n\u011bj pod\u00edvala.<\/p>\n\n\n\n<p class=\"wp-block-paragraph\">\u201eTransakce s Alton Systems.\u201c<\/p>\n\n\n\n<p class=\"wp-block-paragraph\">Daniel \u00fapln\u011b ztuhl.<\/p>\n\n\n\n<p class=\"wp-block-paragraph\">V\u0161imla jsem si toho.<\/p>\n\n\n\n<p class=\"wp-block-paragraph\">Maya tak\u00e9.<\/p>\n\n\n\n<p class=\"wp-block-paragraph\">Jej\u00ed o\u010di se na okam\u017eik p\u0159esunuly ke mn\u011b.<\/p>\n\n\n\n<p class=\"wp-block-paragraph\">Pak na terasu vstoupil dal\u0161\u00ed mu\u017e.<\/p>\n\n\n\n<p class=\"wp-block-paragraph\">Tmav\u00fd oblek.<\/p>\n\n\n\n<p class=\"wp-block-paragraph\">St\u0159\u00edbrn\u00e1 kravata.<\/p>\n\n\n\n<p class=\"wp-block-paragraph\">\u010cern\u00e1 ko\u017een\u00e1 aktovka.<\/p>\n\n\n\n<p class=\"wp-block-paragraph\">Vanessa se na n\u011bj pod\u00edvala.<\/p>\n\n\n\n<p class=\"wp-block-paragraph\">\u201eKdo je to?\u201c<\/p>\n\n\n\n<p class=\"wp-block-paragraph\">Tentokr\u00e1t Daniel okam\u017eit\u011b v\u011bd\u011bl.<\/p>\n\n\n\n<p class=\"wp-block-paragraph\">Za\u0161eptal:<\/p>\n\n\n\n<p class=\"wp-block-paragraph\"><strong>\u201eAch bo\u017ee.\u201c<\/strong><\/p>\n\n\n\n<p class=\"wp-block-paragraph\">Mu\u017e se zastavil vedle n\u011bj.<\/p>\n\n\n\n<p class=\"wp-block-paragraph\">\u201eDaniel Price?\u201c<\/p>\n\n\n\n<p class=\"wp-block-paragraph\">\u201eAno.\u201c<\/p>\n\n\n\n<p class=\"wp-block-paragraph\">\u201eJmenuji se Marcus Hale. Zastupuji kontroln\u00ed v\u00fdbor spole\u010dnosti Hawthorne Capital.\u201c<\/p>\n\n\n\n<p class=\"wp-block-paragraph\">Daniel odstr\u010dil \u017eidli.<\/p>\n\n\n\n<p class=\"wp-block-paragraph\">\u201eTohle je rodinn\u00fd brunch.\u201c<\/p>\n\n\n\n<p class=\"wp-block-paragraph\">\u201eJsem si v\u011bdom.\u201c<\/p>\n\n\n\n<p class=\"wp-block-paragraph\">Vanessa se pod\u00edvala mezi n\u011b.<\/p>\n\n\n\n<p class=\"wp-block-paragraph\">\u201eDanieli?\u201c<\/p>\n\n\n\n<p class=\"wp-block-paragraph\">Marcus mu podal ob\u00e1lku.<\/p>\n\n\n\n<p class=\"wp-block-paragraph\">\u201eS okam\u017eitou platnost\u00ed jste postaven mimo v\u00fdkon funkce do doby ukon\u010den\u00ed vy\u0161et\u0159ov\u00e1n\u00ed.\u201c<\/p>\n\n\n\n<p class=\"wp-block-paragraph\">T\u00e1ta vstal.<\/p>\n\n\n\n<p class=\"wp-block-paragraph\">\u201eJak\u00e9ho vy\u0161et\u0159ov\u00e1n\u00ed?\u201c<\/p>\n\n\n\n<p class=\"wp-block-paragraph\">Marcus ho ignoroval.<\/p>\n\n\n\n<p class=\"wp-block-paragraph\">Daniel z\u00edral na ob\u00e1lku.<\/p>\n\n\n\n<p class=\"wp-block-paragraph\">Maya vedle m\u011b ti\u0161e promluvila.<\/p>\n\n\n\n<p class=\"wp-block-paragraph\">\u201eZd\u00e1 se, \u017ee pan Price sv\u00fdm partner\u016fm tvrdil, \u017ee m\u00e1 osobn\u00ed vztah se zakladatelkou Bennett Technologies.\u201c<\/p>\n\n\n\n<p class=\"wp-block-paragraph\">Vanessa se pod\u00edvala z n\u011bj na m\u011b.<\/p>\n\n\n\n<p class=\"wp-block-paragraph\">Daniel sev\u0159el \u010delist.<\/p>\n\n\n\n<p class=\"wp-block-paragraph\">\u201eNikdy jsem ne\u0159ekl osobn\u00ed vztah.\u201c<\/p>\n\n\n\n<p class=\"wp-block-paragraph\">Marcus otev\u0159el desky.<\/p>\n\n\n\n<p class=\"wp-block-paragraph\">\u201eUvedl jste, \u017ee va\u0161e rodinn\u00e9 vazby v\u00e1m poskytuj\u00ed privilegovan\u00fd p\u0159\u00edstup k Audrey Bennettov\u00e9 a \u017ee jste osobn\u011b ovlivnil spole\u010dnost Bennett Technologies, aby p\u0159i v\u00fdb\u011bru poradce pro f\u00fazi zva\u017eovala Hawthorne.\u201c<\/p>\n\n\n\n<p class=\"wp-block-paragraph\">Zasm\u00e1la jsem se.<\/p>\n\n\n\n<p class=\"wp-block-paragraph\">Nemohla jsem si pomoct.<\/p>\n\n\n\n<p class=\"wp-block-paragraph\">Daniel na m\u011b vrhl pohled.<\/p>\n\n\n\n<p class=\"wp-block-paragraph\">\u201eTob\u011b to p\u0159ipad\u00e1 vtipn\u00e9?\u201c<\/p>\n\n\n\n<p class=\"wp-block-paragraph\">\u201eZa posledn\u00edch deset let jsi se mnou sotva promluvil.\u201c<\/p>\n\n\n\n<p class=\"wp-block-paragraph\">Vanessa z\u00edrala na sv\u00e9ho man\u017eela.<\/p>\n\n\n\n<p class=\"wp-block-paragraph\">\u201eTy jsi sv\u00e9 firm\u011b \u0159ekl, \u017ee Audrey zn\u00e1\u0161?\u201c<\/p>\n\n\n\n<p class=\"wp-block-paragraph\">\u201eZn\u00e1m ji.\u201c<\/p>\n\n\n\n<p class=\"wp-block-paragraph\">\u201eMyslel sis, \u017ee skl\u00e1d\u00e1 svetry!\u201c<\/p>\n\n\n\n<p class=\"wp-block-paragraph\">Daniel vstal.<\/p>\n\n\n\n<p class=\"wp-block-paragraph\">\u201eTohle nen\u00ed vhodn\u00e9 m\u00edsto.\u201c<\/p>\n\n\n\n<p class=\"wp-block-paragraph\">Marcus pokra\u010doval.<\/p>\n\n\n\n<p class=\"wp-block-paragraph\">\u201eV r\u00e1mci va\u0161eho pov\u00fd\u0161en\u00ed jste z\u00edskal zna\u010dn\u00e9 z\u00e1sluhy za klientsk\u00fd vztah, kter\u00fd podle v\u0161eho nikdy neexistoval.\u201c<\/p>\n\n\n\n<p class=\"wp-block-paragraph\">Vanessa vypadala, jako by se pod n\u00ed propadla zem.<\/p>\n\n\n\n<p class=\"wp-block-paragraph\">Jej\u00ed dokonal\u00fd velikono\u010dn\u00ed brunch se hroutil rychleji, ne\u017e jsem to sta\u010dila zpracovat.<\/p>\n\n\n\n<p class=\"wp-block-paragraph\">\u010c\u00e1st m\u011b si to m\u011bla u\u017e\u00edvat.<\/p>\n\n\n\n<p class=\"wp-block-paragraph\">A \u010d\u00e1st si to opravdu u\u017e\u00edvala.<\/p>\n\n\n\n<p class=\"wp-block-paragraph\">Pak Marcus \u0159ekl:<\/p>\n\n\n\n<p class=\"wp-block-paragraph\">\u201eBohu\u017eel to nen\u00ed ten nejz\u00e1va\u017en\u011bj\u0161\u00ed probl\u00e9m.\u201c<\/p>\n\n\n\n<p class=\"wp-block-paragraph\">\u017daludek se mi sev\u0159el.<\/p>\n\n\n\n<p class=\"wp-block-paragraph\">Oto\u010dil se k m\u00fdm rodi\u010d\u016fm.<\/p>\n\n\n\n<p class=\"wp-block-paragraph\">\u201eRobert Bennett. Elaine Bennettov\u00e1.\u201c<\/p>\n\n\n\n<p class=\"wp-block-paragraph\">M\u00e1ma zbledla.<\/p>\n\n\n\n<p class=\"wp-block-paragraph\">T\u00e1ta ztuhl.<\/p>\n\n\n\n<p class=\"wp-block-paragraph\">A najednou mi to do\u0161lo.<\/p>\n\n\n\n<p class=\"wp-block-paragraph\"><strong>Marcus nep\u0159i\u0161el jen kv\u016fli Danielovi.<\/strong><\/p>\n\n\n\n<p class=\"wp-block-paragraph\">Maya se ke mn\u011b naklonila.<\/p>\n\n\n\n<p class=\"wp-block-paragraph\">\u201eAudrey, mus\u00ed\u0161 n\u011bco vid\u011bt.\u201c<\/p>\n\n\n\n<p class=\"wp-block-paragraph\">Podala mi dal\u0161\u00ed slo\u017eku.<\/p>\n\n\n\n<p class=\"wp-block-paragraph\">Na p\u0159edn\u00ed stran\u011b byla vyti\u0161t\u011bna t\u0159i slova.<\/p>\n\n\n\n<p class=\"wp-block-paragraph\"><strong>SV\u011a\u0158ENSK\u00dd FOND RODINY BENNETTOV\u00ddCH.<\/strong><\/p>\n\n\n\n<p class=\"wp-block-paragraph\">Zamra\u010dila jsem se.<\/p>\n\n\n\n<p class=\"wp-block-paragraph\">\u201eCo to je?\u201c<\/p>\n\n\n\n<p class=\"wp-block-paragraph\">T\u00e1ta odpov\u011bd\u011bl p\u0159\u00edli\u0161 rychle.<\/p>\n\n\n\n<p class=\"wp-block-paragraph\">\u201eNic d\u016fle\u017eit\u00e9ho.\u201c<\/p>\n\n\n\n<p class=\"wp-block-paragraph\">Marcus se na n\u011bj pod\u00edval.<\/p>\n\n\n\n<p class=\"wp-block-paragraph\">\u201eD\u016frazn\u011b v\u00e1m doporu\u010duji, abyste do toho nezasahoval.\u201c<\/p>\n\n\n\n<p class=\"wp-block-paragraph\">Vanessa si pomalu sedla.<\/p>\n\n\n\n<p class=\"wp-block-paragraph\">\u201eJak\u00fd rodinn\u00fd fond?\u201c<\/p>\n\n\n\n<p class=\"wp-block-paragraph\">Nikdo neodpov\u011bd\u011bl.<\/p>\n\n\n\n<p class=\"wp-block-paragraph\">Otev\u0159ela jsem slo\u017eku.<\/p>\n\n\n\n<p class=\"wp-block-paragraph\">Na prvn\u00ed str\u00e1nce byl podpis babi\u010dky Evelyn.<\/p>\n\n\n\n<p class=\"wp-block-paragraph\">St\u00e1hlo se mi hrdlo.<\/p>\n\n\n\n<p class=\"wp-block-paragraph\">Jej\u00ed rukopis jsem nevid\u011bla cel\u00e9 roky.<\/p>\n\n\n\n<p class=\"wp-block-paragraph\">Dokument byl datov\u00e1n p\u0159ed osmn\u00e1cti lety.<\/p>\n\n\n\n<p class=\"wp-block-paragraph\">P\u0159e\u010detla jsem prvn\u00ed odstavec.<\/p>\n\n\n\n<p class=\"wp-block-paragraph\">Pak znovu.<\/p>\n\n\n\n<p class=\"wp-block-paragraph\">To nemohla b\u00fdt pravda.<\/p>\n\n\n\n<p class=\"wp-block-paragraph\">Pod\u00edvala jsem se na Mayu.<\/p>\n\n\n\n<p class=\"wp-block-paragraph\">\u201eJe to prav\u00e9?\u201c<\/p>\n\n\n\n<p class=\"wp-block-paragraph\">\u201eAno.\u201c<\/p>\n\n\n\n<p class=\"wp-block-paragraph\">Vanessa za\u0161eptala:<\/p>\n\n\n\n<p class=\"wp-block-paragraph\">\u201eCo?\u201c<\/p>\n\n\n\n<p class=\"wp-block-paragraph\">Pokra\u010dovala jsem ve \u010dten\u00ed.<\/p>\n\n\n\n<p class=\"wp-block-paragraph\">Je\u0161t\u011b p\u0159ed svou smrt\u00ed babi\u010dka reorganizovala \u010d\u00e1st StyleHubu a vlo\u017eila ur\u010dit\u00fd pod\u00edl vlastnictv\u00ed do neodvolateln\u00e9ho sv\u011b\u0159ensk\u00e9ho fondu.<\/p>\n\n\n\n<p class=\"wp-block-paragraph\">V\u011bd\u011bla jsem, \u017ee fond existuje.<\/p>\n\n\n\n<p class=\"wp-block-paragraph\">Myslela jsem si, \u017ee financuje stipendia pro zam\u011bstnance.<\/p>\n\n\n\n<p class=\"wp-block-paragraph\">\u010c\u00e1st opravdu financoval.<\/p>\n\n\n\n<p class=\"wp-block-paragraph\">Ale existoval je\u0161t\u011b jeden beneficient.<\/p>\n\n\n\n<p class=\"wp-block-paragraph\"><strong>Vanessa Elaine Bennettov\u00e1.<\/strong><\/p>\n\n\n\n<p class=\"wp-block-paragraph\">Vzhl\u00e9dla jsem.<\/p>\n\n\n\n<p class=\"wp-block-paragraph\">\u201eVanesso, babi\u010dka ti odk\u00e1zala pod\u00edl ve StyleHubu.\u201c<\/p>\n\n\n\n<p class=\"wp-block-paragraph\">Zamrkala.<\/p>\n\n\n\n<p class=\"wp-block-paragraph\">\u201eNeodk\u00e1zala.\u201c<\/p>\n\n\n\n<p class=\"wp-block-paragraph\">\u201eAno.\u201c<\/p>\n\n\n\n<p class=\"wp-block-paragraph\">\u201eNe. T\u00e1ta \u0159\u00edkal, \u017ee babi\u010dka v\u0161echno prodala, kdy\u017e byla spole\u010dnost p\u0159ed krachem.\u201c<\/p>\n\n\n\n<p class=\"wp-block-paragraph\">V\u0161echny hlavy se oto\u010dily k t\u00e1tovi.<\/p>\n\n\n\n<p class=\"wp-block-paragraph\">Jeho tv\u00e1\u0159 ze\u0161edla.<\/p>\n\n\n\n<p class=\"wp-block-paragraph\">Marcus opatrn\u011b promluvil.<\/p>\n\n\n\n<p class=\"wp-block-paragraph\">\u201eSle\u010dno Whitmoreov\u00e1, va\u0161e babi\u010dka vlo\u017eila osmn\u00e1ct procent sv\u00fdch osobn\u00edch pod\u00edl\u016f do fondu ve v\u00e1\u0161 prosp\u011bch.\u201c<\/p>\n\n\n\n<p class=\"wp-block-paragraph\">Vanessa se kr\u00e1tce, zlomen\u011b zasm\u00e1la.<\/p>\n\n\n\n<p class=\"wp-block-paragraph\">\u201eTo ned\u00e1v\u00e1 smysl.\u201c<\/p>\n\n\n\n<p class=\"wp-block-paragraph\">Marcus pokra\u010doval.<\/p>\n\n\n\n<p class=\"wp-block-paragraph\">\u201eVa\u0161i rodi\u010de byli jmenov\u00e1ni do\u010dasn\u00fdmi spr\u00e1vci fondu a\u017e do va\u0161ich t\u0159ic\u00e1t\u00fdch narozenin.\u201c<\/p>\n\n\n\n<p class=\"wp-block-paragraph\">Vanessa z\u00edrala na m\u00e1mu.<\/p>\n\n\n\n<p class=\"wp-block-paragraph\">\u201eJe mi t\u0159icet osm.\u201c<\/p>\n\n\n\n<p class=\"wp-block-paragraph\">M\u00e1ma m\u011bla o\u010di pln\u00e9 slz.<\/p>\n\n\n\n<p class=\"wp-block-paragraph\">\u201eVanesso\u2014\u201c<\/p>\n\n\n\n<p class=\"wp-block-paragraph\"><strong>\u201eCo se stalo ve t\u0159iceti?\u201c<\/strong><\/p>\n\n\n\n<p class=\"wp-block-paragraph\">Nikdo neodpov\u011bd\u011bl.<\/p>\n\n\n\n<p class=\"wp-block-paragraph\">Marcus ano.<\/p>\n\n\n\n<p class=\"wp-block-paragraph\">\u201eZe z\u00e1kona jste tehdy m\u011bla pr\u00e1vo p\u0159evz\u00edt kontrolu.\u201c<\/p>\n\n\n\n<p class=\"wp-block-paragraph\">V\u00e1nek se prohnal mezi liliemi.<\/p>\n\n\n\n<p class=\"wp-block-paragraph\">Vanessa se pod\u00edvala na rodi\u010de.<\/p>\n\n\n\n<p class=\"wp-block-paragraph\">\u201eKde jsou ty pod\u00edly?\u201c<\/p>\n\n\n\n<p class=\"wp-block-paragraph\">Maya oto\u010dila dal\u0161\u00ed str\u00e1nku sm\u011brem ke mn\u011b.<\/p>\n\n\n\n<p class=\"wp-block-paragraph\">Odpov\u011b\u010f byla hor\u0161\u00ed, ne\u017e jsem \u010dekala.<\/p>\n\n\n\n<p class=\"wp-block-paragraph\">Mezi Vanessin\u00fdmi jednadvac\u00e1t\u00fdmi a t\u0159ic\u00e1t\u00fdmi narozeninami si moji rodi\u010de brali p\u016fj\u010dky proti v\u00fdplat\u00e1m z fondu.<\/p>\n\n\n\n<p class=\"wp-block-paragraph\">Pak v\u011bt\u0161\u00ed p\u016fj\u010dky.<\/p>\n\n\n\n<p class=\"wp-block-paragraph\">P\u0159esm\u011brov\u00e1vali dividendy.<\/p>\n\n\n\n<p class=\"wp-block-paragraph\">Pou\u017e\u00edvali fiktivn\u00ed spole\u010dnosti.<\/p>\n\n\n\n<p class=\"wp-block-paragraph\">Rodinn\u00e9 holdingov\u00e9 spole\u010dnosti.<\/p>\n\n\n\n<p class=\"wp-block-paragraph\">Partnerstv\u00ed v oblasti nemovitost\u00ed.<\/p>\n\n\n\n<p class=\"wp-block-paragraph\">T\u00e1ta nezbohatl d\u00edky sv\u00fdm podnik\u016fm.<\/p>\n\n\n\n<p class=\"wp-block-paragraph\"><strong>StyleHub to umo\u017enil.<\/strong><\/p>\n\n\n\n<p class=\"wp-block-paragraph\">Spole\u010dnost, kter\u00e9 se vysm\u00edvali.<\/p>\n\n\n\n<p class=\"wp-block-paragraph\">Spole\u010dnost, kterou ozna\u010dovali za ubohou.<\/p>\n\n\n\n<p class=\"wp-block-paragraph\">Spole\u010dnost, jej\u00ed\u017e pokladn\u00ed, skladn\u00edci, n\u00e1kup\u010d\u00ed, \u0159idi\u010di, mana\u017ee\u0159i a n\u00e1vrh\u00e1\u0159i generovali dividendy, kter\u00e9 financovaly \u017eivotn\u00ed styl m\u00fdch rodi\u010d\u016f.<\/p>\n\n\n\n<p class=\"wp-block-paragraph\">Vanessa vytrhla dokumenty.<\/p>\n\n\n\n<p class=\"wp-block-paragraph\">Ruce se j\u00ed t\u0159\u00e1sly.<\/p>\n\n\n\n<p class=\"wp-block-paragraph\">\u201eKolik?\u201c<\/p>\n\n\n\n<p class=\"wp-block-paragraph\">Marcus po\u010dkal.<\/p>\n\n\n\n<p class=\"wp-block-paragraph\">\u201eKolik?\u201c vyk\u0159ikla.<\/p>\n\n\n\n<p class=\"wp-block-paragraph\">\u201eP\u0159ibli\u017en\u011b <strong>11,8 milionu dolar\u016f<\/strong> v distribuc\u00edch bylo p\u0159esm\u011brov\u00e1no nebo zastaveno bez \u0159\u00e1dn\u00e9ho opr\u00e1vn\u011bn\u00ed.\u201c<\/p>\n\n\n\n<p class=\"wp-block-paragraph\">M\u00e1ma se rozplakala.<\/p>\n\n\n\n<p class=\"wp-block-paragraph\">Vanessa na ni z\u00edrala.<\/p>\n\n\n\n<p class=\"wp-block-paragraph\">\u201eUkradli jste mi jeden\u00e1ct milion\u016f dolar\u016f?\u201c<\/p>\n\n\n\n<p class=\"wp-block-paragraph\">\u201eNic jsme neukradli!\u201c<\/p>\n\n\n\n<p class=\"wp-block-paragraph\">T\u00e1ta ude\u0159il rukou do stolu.<\/p>\n\n\n\n<p class=\"wp-block-paragraph\">\u201eSpravovali jsme je.\u201c<\/p>\n\n\n\n<p class=\"wp-block-paragraph\">\u201eSpravovali?\u201c<\/p>\n\n\n\n<p class=\"wp-block-paragraph\">\u201ePlatili jsme ti \u0161kolu. Svatbu. Prvn\u00ed d\u016fm.\u201c<\/p>\n\n\n\n<p class=\"wp-block-paragraph\">\u201eM\u016fj prvn\u00ed d\u016fm st\u00e1l \u0161est set tis\u00edc dolar\u016f!\u201c<\/p>\n\n\n\n<p class=\"wp-block-paragraph\">T\u00e1ta ml\u010del.<\/p>\n\n\n\n<p class=\"wp-block-paragraph\">Vanessa na n\u011bj z\u00edrala.<\/p>\n\n\n\n<p class=\"wp-block-paragraph\">\u201eAch m\u016fj bo\u017ee.\u201c<\/p>\n\n\n\n<p class=\"wp-block-paragraph\">Pak se oto\u010dila k Danielovi.<\/p>\n\n\n\n<p class=\"wp-block-paragraph\">N\u011bco mezi nimi prob\u011bhlo.<\/p>\n\n\n\n<p class=\"wp-block-paragraph\">Strach.<\/p>\n\n\n\n<p class=\"wp-block-paragraph\">Pozn\u00e1n\u00ed.<\/p>\n\n\n\n<p class=\"wp-block-paragraph\">\u201eTy jsi to v\u011bd\u011bl.\u201c<\/p>\n\n\n\n<p class=\"wp-block-paragraph\">Daniel zavrt\u011bl hlavou.<\/p>\n\n\n\n<p class=\"wp-block-paragraph\">\u201eNe v\u0161echno.\u201c<\/p>\n\n\n\n<p class=\"wp-block-paragraph\">\u201eV\u011bd\u011bl jsi to!\u201c<\/p>\n\n\n\n<p class=\"wp-block-paragraph\">\u201eV\u011bd\u011bl jsem, \u017ee tv\u016fj otec m\u00e1 majetek z fondu.\u201c<\/p>\n\n\n\n<p class=\"wp-block-paragraph\">\u201ePom\u00e1hal jsi mu?\u201c<\/p>\n\n\n\n<p class=\"wp-block-paragraph\">Daniel se pod\u00edval na Marcuse.<\/p>\n\n\n\n<p class=\"wp-block-paragraph\">To byla odpov\u011b\u010f sama o sob\u011b.<\/p>\n\n\n\n<p class=\"wp-block-paragraph\">Marcus promluvil.<\/p>\n\n\n\n<p class=\"wp-block-paragraph\">\u201eHawthorne Capital prov\u011b\u0159uje, zda pan Price pom\u00e1hal panu Bennettovi s refinancov\u00e1n\u00edm z\u00e1vazk\u016f zaji\u0161t\u011bn\u00fdch majetkem pat\u0159\u00edc\u00edm beneficientovi, kter\u00fd k tomu nedal informovan\u00fd souhlas.\u201c<\/p>\n\n\n\n<p class=\"wp-block-paragraph\">Vanessa ustoupila.<\/p>\n\n\n\n<p class=\"wp-block-paragraph\">Poprv\u00e9 v \u017eivot\u011b vypadala moje sestra mal\u00e1.<\/p>\n\n\n\n<p class=\"wp-block-paragraph\">Ne elegantn\u00ed.<\/p>\n\n\n\n<p class=\"wp-block-paragraph\">Ne nad\u0159azen\u00e1.<\/p>\n\n\n\n<p class=\"wp-block-paragraph\">Ne krut\u00e1.<\/p>\n\n\n\n<p class=\"wp-block-paragraph\">Jen zlomen\u00e1.<\/p>\n\n\n\n<p class=\"wp-block-paragraph\">Pod\u00edvala se na m\u011b.<\/p>\n\n\n\n<p class=\"wp-block-paragraph\">\u201eV\u011bd\u011bla jsi to?\u201c<\/p>\n\n\n\n<p class=\"wp-block-paragraph\">\u201eNe.\u201c<\/p>\n\n\n\n<p class=\"wp-block-paragraph\">\u201eNel\u017ei mi.\u201c<\/p>\n\n\n\n<p class=\"wp-block-paragraph\">\u201eZjistila jsem to p\u0159ed t\u0159emi minutami.\u201c<\/p>\n\n\n\n<p class=\"wp-block-paragraph\">Hledala mi v obli\u010deji n\u011bjakou le\u017e.<\/p>\n\n\n\n<p class=\"wp-block-paragraph\">Pak mi uv\u011b\u0159ila.<\/p>\n\n\n\n<p class=\"wp-block-paragraph\">Brada se j\u00ed zachv\u011bla.<\/p>\n\n\n\n<p class=\"wp-block-paragraph\">M\u00e1ma k n\u00ed nat\u00e1hla ruku.<\/p>\n\n\n\n<p class=\"wp-block-paragraph\">Vanessa ucukla.<\/p>\n\n\n\n<p class=\"wp-block-paragraph\">\u201eNesahej na m\u011b.\u201c<\/p>\n\n\n\n<p class=\"wp-block-paragraph\">\u201eZlat\u00ed\u010dko\u2014\u201c<\/p>\n\n\n\n<p class=\"wp-block-paragraph\">\u201eNe.\u201c<\/p>\n\n\n\n<p class=\"wp-block-paragraph\">Hlas se j\u00ed zlomil.<\/p>\n\n\n\n<p class=\"wp-block-paragraph\">\u201eCel\u00fd \u017eivot jste mi \u0159\u00edkali, \u017ee Audrey je nezodpov\u011bdn\u00e1.\u201c<\/p>\n\n\n\n<p class=\"wp-block-paragraph\">M\u00e1ma plakala je\u0161t\u011b v\u00edc.<\/p>\n\n\n\n<p class=\"wp-block-paragraph\">Vanessa se pod\u00edvala na t\u00e1tu.<\/p>\n\n\n\n<p class=\"wp-block-paragraph\">\u201e\u0158\u00edkal jsi mi, \u017ee nem\u00e1 \u017e\u00e1dn\u00e9 ambice.\u201c<\/p>\n\n\n\n<p class=\"wp-block-paragraph\">T\u00e1ta si promnul \u010delo.<\/p>\n\n\n\n<p class=\"wp-block-paragraph\">\u201eCht\u011bli jsme pro v\u00e1s ob\u011b to nejlep\u0161\u00ed.\u201c<\/p>\n\n\n\n<p class=\"wp-block-paragraph\">\u201eTo nejlep\u0161\u00ed?\u201c<\/p>\n\n\n\n<p class=\"wp-block-paragraph\">Vanessa se ho\u0159ce zasm\u00e1la.<\/p>\n\n\n\n<p class=\"wp-block-paragraph\">\u201eNau\u010dili jste m\u011b d\u00edvat se na vlastn\u00ed sestru svrchu, zat\u00edmco jste \u017eili z pen\u011bz spole\u010dnosti, kterou ona zachr\u00e1nila.\u201c<\/p>\n\n\n\n<p class=\"wp-block-paragraph\">T\u00e1ta se oto\u010dil ke mn\u011b.<\/p>\n\n\n\n<p class=\"wp-block-paragraph\">\u201eAudrey, pomoz mi to vysv\u011btlit.\u201c<\/p>\n\n\n\n<p class=\"wp-block-paragraph\">N\u011bco ve mn\u011b kone\u010dn\u011b prasklo.<\/p>\n\n\n\n<p class=\"wp-block-paragraph\">Cel\u00e9 roky jsem tou\u017eila po otcov\u011b uzn\u00e1n\u00ed.<\/p>\n\n\n\n<p class=\"wp-block-paragraph\">Te\u010f jsem si uv\u011bdomila, \u017ee ho u\u017e nepot\u0159ebuji.<\/p>\n\n\n\n<p class=\"wp-block-paragraph\">\u201eNe.\u201c<\/p>\n\n\n\n<p class=\"wp-block-paragraph\">Jeho v\u00fdraz se zm\u011bnil.<\/p>\n\n\n\n<p class=\"wp-block-paragraph\">\u201eNe?\u201c<\/p>\n\n\n\n<p class=\"wp-block-paragraph\">\u201eTenhle nepo\u0159\u00e1dek jste vytvo\u0159ili vy.\u201c<\/p>\n\n\n\n<p class=\"wp-block-paragraph\">\u201eJsme rodina.\u201c<\/p>\n\n\n\n<p class=\"wp-block-paragraph\">\u201eP\u0159esn\u011b.\u201c<\/p>\n\n\n\n<p class=\"wp-block-paragraph\">Vstala jsem.<\/p>\n\n\n\n<p class=\"wp-block-paragraph\"><strong>\u201eA rodina nen\u00ed povolenka ke kr\u00e1de\u017e\u00edm, manipulaci, poni\u017eov\u00e1n\u00ed ani lhan\u00ed.\u201c<\/strong><\/p>\n\n\n\n<p class=\"wp-block-paragraph\">Nikdo se nepohnul.<\/p>\n\n\n\n<p class=\"wp-block-paragraph\">Oto\u010dila jsem se k Vanesse.<\/p>\n\n\n\n<p class=\"wp-block-paragraph\">Make-up m\u011bla rozmazan\u00fd pod jedn\u00edm okem.<\/p>\n\n\n\n<p class=\"wp-block-paragraph\">Pod\u00edvala se na sestru, kterou je\u0161t\u011b p\u0159ed patn\u00e1cti minutami poni\u017eovala.<\/p>\n\n\n\n<p class=\"wp-block-paragraph\">\u201eJe mi to l\u00edto,\u201c za\u0161eptala.<\/p>\n\n\n\n<p class=\"wp-block-paragraph\">Nic jsem ne\u0159ekla.<\/p>\n\n\n\n<p class=\"wp-block-paragraph\">\u201eJe mi to l\u00edto.\u201c<\/p>\n\n\n\n<p class=\"wp-block-paragraph\">Hlas se j\u00ed zlomil.<\/p>\n\n\n\n<p class=\"wp-block-paragraph\">\u201eZa v\u0161echno.\u201c<\/p>\n\n\n\n<p class=\"wp-block-paragraph\">\u010c\u00e1st m\u011b ji cht\u011bla odm\u00edtnout.<\/p>\n\n\n\n<p class=\"wp-block-paragraph\">P\u0159ipomenout j\u00ed ka\u017ed\u00fd v\u00e1no\u010dn\u00ed vtip.<\/p>\n\n\n\n<p class=\"wp-block-paragraph\">Ka\u017edou ur\u00e1\u017eku k narozenin\u00e1m.<\/p>\n\n\n\n<p class=\"wp-block-paragraph\">Ka\u017edou pov\u00fd\u0161enou nab\u00eddku, \u017ee mi \u201enaprav\u00ed\u201c \u017eivot.<\/p>\n\n\n\n<p class=\"wp-block-paragraph\">Pak jsem si vzpomn\u011bla na n\u011bco, co mi kdysi \u0159ekla babi\u010dka Evelyn.<\/p>\n\n\n\n<p class=\"wp-block-paragraph\"><strong>\u201eMoc neukazuje, jac\u00ed jsou ostatn\u00ed lid\u00e9, Audrey. Ukazuje, jak\u00e1 jsi ty.\u201c<\/strong><\/p>\n\n\n\n<p class=\"wp-block-paragraph\">Obe\u0161la jsem st\u016fl.<\/p>\n\n\n\n<p class=\"wp-block-paragraph\">Vanessa sebou trhla, jako by \u010dekala, \u017ee ji ude\u0159\u00edm.<\/p>\n\n\n\n<p class=\"wp-block-paragraph\">M\u00edsto toho jsem j\u00ed podala dokumenty.<\/p>\n\n\n\n<p class=\"wp-block-paragraph\">\u201ePot\u0159ebuje\u0161 vlastn\u00edho pr\u00e1vn\u00edka.\u201c<\/p>\n\n\n\n<p class=\"wp-block-paragraph\">Z\u00edrala na m\u011b.<\/p>\n\n\n\n<p class=\"wp-block-paragraph\">\u201ePro\u010d mi pom\u00e1h\u00e1\u0161?\u201c<\/p>\n\n\n\n<p class=\"wp-block-paragraph\">\u201eProto\u017ee t\u011b okradli.\u201c<\/p>\n\n\n\n<p class=\"wp-block-paragraph\">\u201eAle j\u00e1\u2014\u201c<\/p>\n\n\n\n<p class=\"wp-block-paragraph\">\u201eAno.\u201c<\/p>\n\n\n\n<p class=\"wp-block-paragraph\">Pod\u00edvala jsem se j\u00ed do o\u010d\u00ed.<\/p>\n\n\n\n<p class=\"wp-block-paragraph\">\u201eChovala ses ke mn\u011b hrozn\u011b.\u201c<\/p>\n\n\n\n<p class=\"wp-block-paragraph\">Sklopila hlavu.<\/p>\n\n\n\n<p class=\"wp-block-paragraph\">\u201eAle pokud nech\u00e1m rozhodnout o tom, jestli si zaslou\u017e\u00ed\u0161 zn\u00e1t pravdu, tohle v\u0161echno vyhraje podruh\u00e9.\u201c<\/p>\n\n\n\n<p class=\"wp-block-paragraph\">Rozplakala se.<\/p>\n\n\n\n<p class=\"wp-block-paragraph\">Ne potichu.<\/p>\n\n\n\n<p class=\"wp-block-paragraph\">Ne elegantn\u011b.<\/p>\n\n\n\n<p class=\"wp-block-paragraph\"><strong>Zakryla si \u00fasta a sesunula se do k\u0159esla.<\/strong><\/p>\n\n\n\n<p class=\"wp-block-paragraph\">Daniel se k n\u00ed vydal.<\/p>\n\n\n\n<p class=\"wp-block-paragraph\">Zvedla ruku.<\/p>\n\n\n\n<p class=\"wp-block-paragraph\">\u201eNedot\u00fdkej se m\u011b.\u201c<\/p>\n\n\n\n<p class=\"wp-block-paragraph\">Zastavil se.<\/p>\n\n\n\n<p class=\"wp-block-paragraph\">\u201eVanesso\u2014\u201c<\/p>\n\n\n\n<p class=\"wp-block-paragraph\">\u201eNedot\u00fdkej se m\u011b.\u201c<\/p>\n\n\n\n<p class=\"wp-block-paragraph\">Marcus ti\u0161e odebral Danielovi slu\u017eebn\u00ed pr\u016fkaz.<\/p>\n\n\n\n<p class=\"wp-block-paragraph\">Daniel se rozhl\u00e9dl po stole, mo\u017en\u00e1 \u010dekal, \u017ee se ho n\u011bkdo zastane.<\/p>\n\n\n\n<p class=\"wp-block-paragraph\">Nikdo to neud\u011blal.<\/p>\n\n\n\n<p class=\"wp-block-paragraph\">Ode\u0161el s\u00e1m.<\/p>\n\n\n\n<p class=\"wp-block-paragraph\">T\u00e1ta z\u016fstal sed\u011bt.<\/p>\n\n\n\n<p class=\"wp-block-paragraph\">\u201eCo bude te\u010f?\u201c<\/p>\n\n\n\n<p class=\"wp-block-paragraph\">Pod\u00edvala jsem se na n\u011bj.<\/p>\n\n\n\n<p class=\"wp-block-paragraph\">\u201eTo z\u00e1le\u017e\u00ed na Vanesse.\u201c<\/p>\n\n\n\n<p class=\"wp-block-paragraph\">\u201eNech\u00e1\u0161 svou sestru \u017ealovat vlastn\u00ed rodi\u010de?\u201c<\/p>\n\n\n\n<p class=\"wp-block-paragraph\">\u201eNech\u00e1m svou sestru, aby poprv\u00e9 v \u017eivot\u011b sama rozhodla o sv\u00e9m \u017eivot\u011b.\u201c<\/p>\n\n\n\n<p class=\"wp-block-paragraph\">M\u00e1ma za\u0161eptala:<\/p>\n\n\n\n<p class=\"wp-block-paragraph\">\u201eAudrey.\u201c<\/p>\n\n\n\n<p class=\"wp-block-paragraph\">Pod\u00edvala jsem se na ni.<\/p>\n\n\n\n<p class=\"wp-block-paragraph\">Najednou vypadala mnohem star\u0161\u00ed.<\/p>\n\n\n\n<p class=\"wp-block-paragraph\">\u201eOpravdu jsi koupila tenhle resort?\u201c<\/p>\n\n\n\n<p class=\"wp-block-paragraph\">\u201eAno.\u201c<\/p>\n\n\n\n<p class=\"wp-block-paragraph\">\u201ePro\u010d?\u201c<\/p>\n\n\n\n<p class=\"wp-block-paragraph\">Pod\u00edvala jsem se na oce\u00e1n.<\/p>\n\n\n\n<p class=\"wp-block-paragraph\">Odpov\u011b\u010f byla jednoduch\u00e1.<\/p>\n\n\n\n<p class=\"wp-block-paragraph\">\u201eBabi\u010dka m\u011b sem jednou p\u0159ivedla.\u201c<\/p>\n\n\n\n<p class=\"wp-block-paragraph\">M\u00e1ma se zamra\u010dila.<\/p>\n\n\n\n<p class=\"wp-block-paragraph\">\u201eKdy?\u201c<\/p>\n\n\n\n<p class=\"wp-block-paragraph\">\u201eBylo mi \u0161estn\u00e1ct.\u201c<\/p>\n\n\n\n<p class=\"wp-block-paragraph\">Ten den jsem si pamatovala dokonale.<\/p>\n\n\n\n<p class=\"wp-block-paragraph\">Babi\u010dka a j\u00e1 jsme jedly sendvi\u010de na ve\u0159ejn\u00e9 pl\u00e1\u017ei pod resortem, proto\u017ee jsme si nemohly dovolit restauraci.<\/p>\n\n\n\n<p class=\"wp-block-paragraph\">Uk\u00e1zala sm\u011brem k Seaside Springs a \u0159ekla: \u201eP\u0159edstav si, \u017ee se tam jednoho dne probud\u00ed\u0161.\u201c<\/p>\n\n\n\n<p class=\"wp-block-paragraph\">Zeptala jsem se j\u00ed, jestli by cht\u011bla vlastnit n\u011bco takov\u00e9ho.<\/p>\n\n\n\n<p class=\"wp-block-paragraph\">Zasm\u00e1la se.<\/p>\n\n\n\n<p class=\"wp-block-paragraph\"><strong>\u201eNe, zlat\u00ed\u010dko. Chci, abys vlastnila n\u011bco, kv\u016fli \u010demu ti u\u017e nikdo nikdy nebude moci \u0159\u00edct, \u017ee si to nezaslou\u017e\u00ed\u0161.\u201c<\/strong><\/p>\n\n\n\n<p class=\"wp-block-paragraph\">M\u00e1ma se pod\u00edvala na lilie.<\/p>\n\n\n\n<p class=\"wp-block-paragraph\">\u201eEvelyn by na tebe byla py\u0161n\u00e1.\u201c<\/p>\n\n\n\n<p class=\"wp-block-paragraph\">Tentokr\u00e1t jsem to nepot\u0159ebovala sly\u0161et.<\/p>\n\n\n\n<p class=\"wp-block-paragraph\">\u201eJ\u00e1 v\u00edm.\u201c<\/p>\n\n\n\n<p class=\"wp-block-paragraph\">Moji rodi\u010de ode\u0161li ka\u017ed\u00fd zvl\u00e1\u0161\u0165.<\/p>\n\n\n\n<p class=\"wp-block-paragraph\">Vanessa z\u016fstala.<\/p>\n\n\n\n<p class=\"wp-block-paragraph\">T\u00e9m\u011b\u0159 dvacet minut jsme ani jedna nepromluvily.<\/p>\n\n\n\n<p class=\"wp-block-paragraph\">\u010c\u00ed\u0161n\u00edci odklidili v\u011bt\u0161inu j\u00eddla.<\/p>\n\n\n\n<p class=\"wp-block-paragraph\">\u0160ampa\u0148sk\u00e9 zteplalo.<\/p>\n\n\n\n<p class=\"wp-block-paragraph\">Dokonal\u00fd velikono\u010dn\u00ed brunch byl pry\u010d.<\/p>\n\n\n\n<p class=\"wp-block-paragraph\">Nakonec Vanessa za\u0161eptala:<\/p>\n\n\n\n<p class=\"wp-block-paragraph\">\u201eNem\u016f\u017eu uv\u011b\u0159it, \u017ee mi babi\u010dka odk\u00e1zala osmn\u00e1ct procent.\u201c<\/p>\n\n\n\n<p class=\"wp-block-paragraph\">Maya, kter\u00e1 st\u00e1le st\u00e1la pobl\u00ed\u017e, vypadala nezvykle nesv\u00e1.<\/p>\n\n\n\n<p class=\"wp-block-paragraph\">V\u0161imla jsem si toho.<\/p>\n\n\n\n<p class=\"wp-block-paragraph\">\u201eCo?\u201c<\/p>\n\n\n\n<p class=\"wp-block-paragraph\">Pod\u00edvala se na Marcuse.<\/p>\n\n\n\n<p class=\"wp-block-paragraph\">Ten p\u0159ik\u00fdvl.<\/p>\n\n\n\n<p class=\"wp-block-paragraph\">Maya si sedla vedle m\u011b.<\/p>\n\n\n\n<p class=\"wp-block-paragraph\">\u201eJe tu je\u0161t\u011b jeden posledn\u00ed probl\u00e9m.\u201c<\/p>\n\n\n\n<p class=\"wp-block-paragraph\">Vanessa se bez humoru zasm\u00e1la.<\/p>\n\n\n\n<p class=\"wp-block-paragraph\">\u201eSamoz\u0159ejm\u011b, \u017ee ano.\u201c<\/p>\n\n\n\n<p class=\"wp-block-paragraph\">Maya otev\u0159ela dal\u0161\u00ed \u010d\u00e1st sv\u011b\u0159ensk\u00e9ho fondu.<\/p>\n\n\n\n<p class=\"wp-block-paragraph\">\u201eKdy\u017e byla Bennett Technologies vy\u010dlen\u011bna ze StyleHubu, va\u0161i pr\u00e1vn\u00edci p\u0159edpokl\u00e1dali, \u017ee v\u0161echny historick\u00e9 men\u0161inov\u00e9 pod\u00edly byly p\u0159evedeny nebo zanikly.\u201c<\/p>\n\n\n\n<p class=\"wp-block-paragraph\">Zamra\u010dila jsem se.<\/p>\n\n\n\n<p class=\"wp-block-paragraph\">\u201eByly.\u201c<\/p>\n\n\n\n<p class=\"wp-block-paragraph\">\u201eV\u011bt\u0161ina.\u201c<\/p>\n\n\n\n<p class=\"wp-block-paragraph\">\u017daludek se mi sev\u0159el.<\/p>\n\n\n\n<p class=\"wp-block-paragraph\">\u201eV\u011bt\u0161ina?\u201c<\/p>\n\n\n\n<p class=\"wp-block-paragraph\">Maya mi posunula dokument.<\/p>\n\n\n\n<p class=\"wp-block-paragraph\">\u201eSv\u011b\u0159ensk\u00fd fond Evelyn Bennettov\u00e9 obsahoval neobvyklou klauzuli o pokra\u010dov\u00e1n\u00ed. Jak\u00e1koli spole\u010dnost vytvo\u0159en\u00e1 p\u0159ev\u00e1\u017en\u011b z du\u0161evn\u00edho vlastnictv\u00ed StyleHubu automaticky nesla pom\u011brn\u00fd pod\u00edl ve prosp\u011bch fondu.\u201c<\/p>\n\n\n\n<p class=\"wp-block-paragraph\">P\u0159e\u010detla jsem si odstavec.<\/p>\n\n\n\n<p class=\"wp-block-paragraph\">Srdce se mi m\u00e1lem zastavilo.<\/p>\n\n\n\n<p class=\"wp-block-paragraph\">\u201eNe.\u201c<\/p>\n\n\n\n<p class=\"wp-block-paragraph\">Maya p\u0159ik\u00fdvla.<\/p>\n\n\n\n<p class=\"wp-block-paragraph\">\u201eNa\u0161i pr\u00e1vn\u00edci na to p\u0159i\u0161li p\u0159i z\u00e1v\u011bre\u010dn\u00e9m prov\u011b\u0159ov\u00e1n\u00ed p\u0159ed f\u00faz\u00ed dnes r\u00e1no.\u201c<\/p>\n\n\n\n<p class=\"wp-block-paragraph\">Vanessa se pod\u00edvala mezi n\u00e1mi.<\/p>\n\n\n\n<p class=\"wp-block-paragraph\">\u201eCo to znamen\u00e1?\u201c<\/p>\n\n\n\n<p class=\"wp-block-paragraph\">Spo\u010d\u00edtala jsem to.<\/p>\n\n\n\n<p class=\"wp-block-paragraph\">Pak znovu.<\/p>\n\n\n\n<p class=\"wp-block-paragraph\">Bennett Technologies.<\/p>\n\n\n\n<h2 class=\"wp-block-heading\"><strong>Hodnota 4,2 miliardy dolar\u016f.<\/strong><\/h2>\n\n\n\n<p class=\"wp-block-paragraph\">Babi\u010d\u010din fond.<\/p>\n\n\n\n<p class=\"wp-block-paragraph\">Osmn\u00e1ct procent p\u016fvodn\u00edho benefi\u010dn\u00edho pod\u00edlu, roz\u0159ed\u011bn\u00e9ho pozd\u011bj\u0161\u00edm financov\u00e1n\u00edm.<\/p>\n\n\n\n<p class=\"wp-block-paragraph\">Pod\u00edvala jsem se na Mayu.<\/p>\n\n\n\n<p class=\"wp-block-paragraph\">\u201eKolik?\u201c<\/p>\n\n\n\n<p class=\"wp-block-paragraph\">\u201eSou\u010dasn\u00fd efektivn\u00ed pod\u00edl je p\u0159ibli\u017en\u011b 6,4 procenta.\u201c<\/p>\n\n\n\n<p class=\"wp-block-paragraph\">Vanessa zamrkala.<\/p>\n\n\n\n<p class=\"wp-block-paragraph\">\u201eNerozum\u00edm.\u201c<\/p>\n\n\n\n<p class=\"wp-block-paragraph\">Maya se slab\u011b usm\u00e1la.<\/p>\n\n\n\n<p class=\"wp-block-paragraph\">\u201eZnamen\u00e1 to, \u017ee v\u00e1\u0161 fond vlastn\u00ed \u010d\u00e1st Bennett Technologies.\u201c<\/p>\n\n\n\n<p class=\"wp-block-paragraph\">\u201eKolik to stoj\u00ed?\u201c<\/p>\n\n\n\n<p class=\"wp-block-paragraph\">Maya oto\u010dila kalkula\u010dku sm\u011brem k n\u00ed.<\/p>\n\n\n\n<p class=\"wp-block-paragraph\">Vanessa z\u00edrala.<\/p>\n\n\n\n<p class=\"wp-block-paragraph\"><strong>268 800 000 dolar\u016f.<\/strong><\/p>\n\n\n\n<p class=\"wp-block-paragraph\">Otev\u0159ela \u00fasta.<\/p>\n\n\n\n<p class=\"wp-block-paragraph\">Po v\u0161em, co se toho r\u00e1na stalo, jsem se zasm\u00e1la.<\/p>\n\n\n\n<p class=\"wp-block-paragraph\">Nemohla jsem si pomoct.<\/p>\n\n\n\n<p class=\"wp-block-paragraph\">Vanessa na m\u011b z\u00edrala.<\/p>\n\n\n\n<p class=\"wp-block-paragraph\">Pak se stalo n\u011bco ne\u010dekan\u00e9ho.<\/p>\n\n\n\n<p class=\"wp-block-paragraph\">Rozesm\u00e1la se tak\u00e9.<\/p>\n\n\n\n<p class=\"wp-block-paragraph\">Po tv\u00e1\u0159\u00edch j\u00ed st\u00e1le st\u00e9kaly slzy.<\/p>\n\n\n\n<p class=\"wp-block-paragraph\">\u0158asenka rozmazan\u00e1.<\/p>\n\n\n\n<p class=\"wp-block-paragraph\">Diamantov\u00fd n\u00e1ramek se absurdn\u011b t\u0159pytil na slunci.<\/p>\n\n\n\n<p class=\"wp-block-paragraph\">\u201eTohle je \u0161\u00edlen\u00e9,\u201c za\u0161eptala.<\/p>\n\n\n\n<p class=\"wp-block-paragraph\">\u201eAno.\u201c<\/p>\n\n\n\n<p class=\"wp-block-paragraph\">\u201ePatn\u00e1ct let jsem si d\u011blala legraci z maloobchodu.\u201c<\/p>\n\n\n\n<p class=\"wp-block-paragraph\">\u201eAno.\u201c<\/p>\n\n\n\n<p class=\"wp-block-paragraph\">\u201eA maloobchod ze m\u011b ud\u011blal \u017eenu v hodnot\u011b t\u00e9m\u011b\u0159 t\u0159\u00ed set milion\u016f dolar\u016f?\u201c<\/p>\n\n\n\n<p class=\"wp-block-paragraph\">\u201eZd\u00e1 se.\u201c<\/p>\n\n\n\n<p class=\"wp-block-paragraph\">Zakryla si obli\u010dej.<\/p>\n\n\n\n<p class=\"wp-block-paragraph\">\u201eAch m\u016fj bo\u017ee.\u201c<\/p>\n\n\n\n<p class=\"wp-block-paragraph\">Maya se ale p\u0159estala usm\u00edvat.<\/p>\n\n\n\n<p class=\"wp-block-paragraph\">\u201eJe\u0161t\u011b n\u011bco.\u201c<\/p>\n\n\n\n<p class=\"wp-block-paragraph\">Vanessa spustila ruce.<\/p>\n\n\n\n<p class=\"wp-block-paragraph\">Pod\u00edvala jsem se na Mayu.<\/p>\n\n\n\n<p class=\"wp-block-paragraph\">\u201eTo nemysl\u00ed\u0161 v\u00e1\u017en\u011b.\u201c<\/p>\n\n\n\n<p class=\"wp-block-paragraph\">\u201eP\u016fj\u010dky, kter\u00e9 si va\u0161i rodi\u010de vzali bez opr\u00e1vn\u011bn\u00ed, nebyly zaji\u0161t\u011bny pouze pod\u00edlem Vanessy ve fondu.\u201c<\/p>\n\n\n\n<p class=\"wp-block-paragraph\">Oto\u010dila posledn\u00ed str\u00e1nku.<\/p>\n\n\n\n<p class=\"wp-block-paragraph\">\u201eRobert Bennett p\u0159ed dev\u00edti lety zm\u011bnil n\u011bkolik dokument\u016f.\u201c<\/p>\n\n\n\n<p class=\"wp-block-paragraph\">V \u017ealudku mi zchladlo.<\/p>\n\n\n\n<p class=\"wp-block-paragraph\">\u201eJak?\u201c<\/p>\n\n\n\n<p class=\"wp-block-paragraph\">Marcus odpov\u011bd\u011bl.<\/p>\n\n\n\n<p class=\"wp-block-paragraph\">\u201ePokusil se p\u0159ev\u00e9st zaji\u0161t\u011bn\u00ed Vanessina fondu do rodinn\u00e9 holdingov\u00e9 spole\u010dnosti.\u201c<\/p>\n\n\n\n<p class=\"wp-block-paragraph\">Vanessa za\u0161eptala:<\/p>\n\n\n\n<p class=\"wp-block-paragraph\">\u201ePro\u010d?\u201c<\/p>\n\n\n\n<p class=\"wp-block-paragraph\">\u201eAby pokryl ztr\u00e1ty.\u201c<\/p>\n\n\n\n<p class=\"wp-block-paragraph\">Pod\u00edvala jsem se na n\u011bj.<\/p>\n\n\n\n<p class=\"wp-block-paragraph\">\u201eJak\u00e9 ztr\u00e1ty?\u201c<\/p>\n\n\n\n<p class=\"wp-block-paragraph\">Marcus se odml\u010del.<\/p>\n\n\n\n<p class=\"wp-block-paragraph\">Pak \u0159ekl n\u011bco, co jsem nikdy ne\u010dekala.<\/p>\n\n\n\n<p class=\"wp-block-paragraph\"><strong>\u201ePodniky va\u0161eho otce jsou t\u00e9m\u011b\u0159 dvan\u00e1ct let v platebn\u00ed neschopnosti.\u201c<\/strong><\/p>\n\n\n\n<p class=\"wp-block-paragraph\">Vanessa a j\u00e1 jsme se na sebe pod\u00edvaly.<\/p>\n\n\n\n<p class=\"wp-block-paragraph\">D\u016fm v Connecticutu.<\/p>\n\n\n\n<p class=\"wp-block-paragraph\">Dovolen\u00e9.<\/p>\n\n\n\n<p class=\"wp-block-paragraph\">Golfov\u00e9 kluby.<\/p>\n\n\n\n<p class=\"wp-block-paragraph\">Charitativn\u00ed galave\u010dery.<\/p>\n\n\n\n<p class=\"wp-block-paragraph\">Auta.<\/p>\n\n\n\n<p class=\"wp-block-paragraph\">Cel\u00fd obraz bohatstv\u00ed.<\/p>\n\n\n\n<p class=\"wp-block-paragraph\">Nic z toho nevytvo\u0159il Robert Bennett.<\/p>\n\n\n\n<p class=\"wp-block-paragraph\">Maya zav\u0159ela slo\u017eku.<\/p>\n\n\n\n<p class=\"wp-block-paragraph\">\u201eV\u00edce ne\u017e deset let byl t\u00e9m\u011b\u0159 ka\u017ed\u00fd v\u00fdznamn\u00fd majetek, kter\u00fd va\u0161i rodi\u010de zd\u00e1nliv\u011b vlastnili, p\u0159\u00edmo nebo nep\u0159\u00edmo podporov\u00e1n v\u00fdplatami poch\u00e1zej\u00edc\u00edmi z pod\u00edl\u016f ve StyleHubu.\u201c<\/p>\n\n\n\n<p class=\"wp-block-paragraph\">Vanessa se znovu rozesm\u00e1la.<\/p>\n\n\n\n<p class=\"wp-block-paragraph\">Ne proto, \u017ee by to bylo vtipn\u00e9.<\/p>\n\n\n\n<p class=\"wp-block-paragraph\">Proto\u017ee realita se stala absurdn\u00ed.<\/p>\n\n\n\n<p class=\"wp-block-paragraph\">\u201eTak\u017ee t\u00e1ta se vysm\u00edval Audrey za to, \u017ee pracuje v maloobchod\u011b.\u201c<\/p>\n\n\n\n<p class=\"wp-block-paragraph\">\u201eAno,\u201c \u0159ekla jsem pomalu.<\/p>\n\n\n\n<p class=\"wp-block-paragraph\">\u201eA m\u00e1ma se sm\u00e1la.\u201c<\/p>\n\n\n\n<p class=\"wp-block-paragraph\">\u201eAno.\u201c<\/p>\n\n\n\n<p class=\"wp-block-paragraph\">\u201eZat\u00edmco maloobchod platil jejich \u00fa\u010dty.\u201c<\/p>\n\n\n\n<p class=\"wp-block-paragraph\">Pod\u00edvala jsem se p\u0159es terasu.<\/p>\n\n\n\n<p class=\"wp-block-paragraph\">Na lilie.<\/p>\n\n\n\n<p class=\"wp-block-paragraph\">Na oce\u00e1n.<\/p>\n\n\n\n<p class=\"wp-block-paragraph\">Na pr\u00e1zdn\u00e9 sklenky \u0161ampa\u0148sk\u00e9ho.<\/p>\n\n\n\n<p class=\"wp-block-paragraph\">Pak znovu promluvila Maya.<\/p>\n\n\n\n<p class=\"wp-block-paragraph\">\u201eJe\u0161t\u011b jedna v\u011bc.\u201c<\/p>\n\n\n\n<p class=\"wp-block-paragraph\">M\u00e1lem jsem ji prosila, aby u\u017e p\u0159estala.<\/p>\n\n\n\n<p class=\"wp-block-paragraph\">Uk\u00e1zala kolem sebe.<\/p>\n\n\n\n<p class=\"wp-block-paragraph\">\u201eAkvizice resortu byla minul\u00fd m\u011bs\u00edc uzav\u0159ena prost\u0159ednictv\u00edm Bennett Hospitality.\u201c<\/p>\n\n\n\n<p class=\"wp-block-paragraph\">\u201eV\u00edm.\u201c<\/p>\n\n\n\n<p class=\"wp-block-paragraph\">\u201eDluhov\u00e9 portfolio prod\u00e1vaj\u00edc\u00edho obsahovalo n\u011bkolik soukrom\u00fdch sm\u011bnek.\u201c<\/p>\n\n\n\n<p class=\"wp-block-paragraph\">\u017daludek se mi sev\u0159el.<\/p>\n\n\n\n<p class=\"wp-block-paragraph\">\u201e\u010c\u00ed?\u201c<\/p>\n\n\n\n<p class=\"wp-block-paragraph\">Maya p\u0159ede m\u011b polo\u017eila posledn\u00ed dokument.<\/p>\n\n\n\n<p class=\"wp-block-paragraph\">Naho\u0159e bylo jm\u00e9no dlu\u017en\u00edka.<\/p>\n\n\n\n<p class=\"wp-block-paragraph\"><strong>ROBERT A ELAINE BENNETTOVI.<\/strong><\/p>\n\n\n\n<p class=\"wp-block-paragraph\">Z\u00edrala jsem.<\/p>\n\n\n\n<p class=\"wp-block-paragraph\">Pak jsem se pod\u00edvala na Vanessu.<\/p>\n\n\n\n<p class=\"wp-block-paragraph\">Pak na Mayu.<\/p>\n\n\n\n<p class=\"wp-block-paragraph\">\u201eKolik?\u201c<\/p>\n\n\n\n<p class=\"wp-block-paragraph\">\u201e7,3 milionu dolar\u016f.\u201c<\/p>\n\n\n\n<p class=\"wp-block-paragraph\">Vanessa za\u0161eptala:<\/p>\n\n\n\n<p class=\"wp-block-paragraph\">\u201eCo to znamen\u00e1?\u201c<\/p>\n\n\n\n<p class=\"wp-block-paragraph\">A najednou mi to do\u0161lo.<\/p>\n\n\n\n<p class=\"wp-block-paragraph\">Navzdory v\u0161emu jsem se za\u010dala sm\u00e1t.<\/p>\n\n\n\n<p class=\"wp-block-paragraph\">Vanessa se vyd\u011bsila.<\/p>\n\n\n\n<p class=\"wp-block-paragraph\">\u201eCo?\u201c<\/p>\n\n\n\n<p class=\"wp-block-paragraph\">Oto\u010dila jsem dokument sm\u011brem k n\u00ed.<\/p>\n\n\n\n<h1 class=\"wp-block-heading\"><strong>\u201eNa\u0161i rodi\u010de si p\u016fj\u010dili proti sv\u00e9mu domu, otcov\u011b kancel\u00e1\u0159sk\u00e9 budov\u011b a t\u0159em investi\u010dn\u00edm \u00fa\u010dt\u016fm.\u201c<\/strong><\/h1>\n\n\n\n<p class=\"wp-block-paragraph\">\u201eNo a?\u201c<\/p>\n\n\n\n<p class=\"wp-block-paragraph\">\u201eBennett Hospitality koupila tohle \u00fav\u011brov\u00e9 portfolio spolu s resortem.\u201c<\/p>\n\n\n\n<p class=\"wp-block-paragraph\">O\u010di se j\u00ed roz\u0161\u00ed\u0159ily.<\/p>\n\n\n\n<p class=\"wp-block-paragraph\">\u201eNe.\u201c<\/p>\n\n\n\n<p class=\"wp-block-paragraph\">\u201eAno.\u201c<\/p>\n\n\n\n<p class=\"wp-block-paragraph\">\u201eTo nen\u00ed mo\u017en\u00e9.\u201c<\/p>\n\n\n\n<p class=\"wp-block-paragraph\">P\u0159ik\u00fdvla jsem.<\/p>\n\n\n\n<p class=\"wp-block-paragraph\"><strong>\u201eZd\u00e1 se, \u017ee nevlastn\u00edm jen tento resort.\u201c<\/strong><\/p>\n\n\n\n<p class=\"wp-block-paragraph\">Zvedla jsem smlouvu o p\u016fj\u010dce.<\/p>\n\n\n\n<p class=\"wp-block-paragraph\"><strong>\u201eVlastn\u00edm i dluh na\u0161ich rodi\u010d\u016f.\u201c<\/strong><\/p>\n\n\n\n<p class=\"wp-block-paragraph\">T\u0159i vte\u0159iny Vanessa nic ne\u0159ekla.<\/p>\n\n\n\n<p class=\"wp-block-paragraph\">Pak se rozesm\u00e1la tak hlasit\u011b, \u017ee se lid\u00e9 u vedlej\u0161\u00edho stolu oto\u010dili.<\/p>\n\n\n\n<p class=\"wp-block-paragraph\">P\u0159idala jsem se.<\/p>\n\n\n\n<p class=\"wp-block-paragraph\">Mo\u017en\u00e1 to nebylo dosp\u011bl\u00e9.<\/p>\n\n\n\n<p class=\"wp-block-paragraph\">Mo\u017en\u00e1 by babi\u010dka zvedla obo\u010d\u00ed.<\/p>\n\n\n\n<p class=\"wp-block-paragraph\">Ale po patn\u00e1cti letech, kdy se ke mn\u011b chovali jako k rodinn\u00e9 ostud\u011b, jsem si ten okam\u017eik dovolila.<\/p>\n\n\n\n<p class=\"wp-block-paragraph\">\u017dena, kter\u00e1 byla \u00fadajn\u011b <strong>\u201ep\u0159\u00edli\u0161 hloup\u00e1 na to, aby rozum\u011bla podnik\u00e1n\u00ed\u201c<\/strong>, vybudovala spole\u010dnost financuj\u00edc\u00ed svou rodinu, vytvo\u0159ila technologickou spole\u010dnost, d\u00edky n\u00ed\u017e se jej\u00ed sestra tajn\u011b stala \u017eenou v hodnot\u011b stovek milion\u016f dolar\u016f, koupila resort, kde ji rodina p\u0159i\u0161la pon\u00ed\u017eit\u2014<\/p>\n\n\n\n<p class=\"wp-block-paragraph\">a ani\u017e by to v\u016fbec pl\u00e1novala,<\/p>\n\n\n\n<p class=\"wp-block-paragraph\"><strong>se stala pr\u00e1vn\u00edm dr\u017eitelem v\u0161ech hlavn\u00edch dluh\u016f, kter\u00e9 jej\u00ed rodi\u010de dlu\u017eili.<\/strong><\/p>\n\n\n\n<p class=\"wp-block-paragraph\">Vanessa si ot\u0159ela obli\u010dej.<\/p>\n\n\n\n<p class=\"wp-block-paragraph\">\u201eCo jim ud\u011bl\u00e1\u0161?\u201c<\/p>\n\n\n\n<p class=\"wp-block-paragraph\">Na tom z\u00e1le\u017eelo v\u00edc ne\u017e na v\u0161ech finan\u010dn\u00edch odhalen\u00edch.<\/p>\n\n\n\n<p class=\"wp-block-paragraph\">Pod\u00edvala jsem se sm\u011brem k Pacifiku.<\/p>\n\n\n\n<p class=\"wp-block-paragraph\">Pak jsem slo\u017eila dokumenty o p\u016fj\u010dce.<\/p>\n\n\n\n<p class=\"wp-block-paragraph\">\u201eDnes nic.\u201c<\/p>\n\n\n\n<p class=\"wp-block-paragraph\">Zamra\u010dila se.<\/p>\n\n\n\n<p class=\"wp-block-paragraph\">\u201ePro\u010d?\u201c<\/p>\n\n\n\n<p class=\"wp-block-paragraph\">\u201eProto\u017ee pen\u00edze zp\u016fsobily, \u017ee na\u0161i rodi\u010de uv\u011b\u0159ili, \u017ee mohou ovl\u00e1dat v\u0161echny kolem sebe.\u201c<\/p>\n\n\n\n<p class=\"wp-block-paragraph\">Pod\u00edvala jsem se na ni.<\/p>\n\n\n\n<p class=\"wp-block-paragraph\">\u201eJ\u00e1 je tak pou\u017e\u00edvat nebudu.\u201c<\/p>\n\n\n\n<p class=\"wp-block-paragraph\">\u201eTak jim ten dluh odpust\u00ed\u0161?\u201c<\/p>\n\n\n\n<p class=\"wp-block-paragraph\">\u201eTo jsem ne\u0159ekla.\u201c<\/p>\n\n\n\n<p class=\"wp-block-paragraph\">Poprv\u00e9 za cel\u00e9 r\u00e1no se Vanessa up\u0159\u00edmn\u011b usm\u00e1la.<\/p>\n\n\n\n<p class=\"wp-block-paragraph\">Usm\u00e1la jsem se tak\u00e9.<\/p>\n\n\n\n<p class=\"wp-block-paragraph\">\u201eNejd\u0159\u00edv,\u201c \u0159ekla jsem, \u201eti se\u017eeneme pr\u00e1vn\u00edka.\u201c<\/p>\n\n\n\n<p class=\"wp-block-paragraph\">\u201eA potom?\u201c<\/p>\n\n\n\n<p class=\"wp-block-paragraph\">\u201eZjist\u00edme p\u0159esn\u011b, co se stalo s babi\u010d\u010din\u00fdm fondem.\u201c<\/p>\n\n\n\n<p class=\"wp-block-paragraph\">\u201eA Daniel?\u201c<\/p>\n\n\n\n<p class=\"wp-block-paragraph\">\u201eTo je tvoje rozhodnut\u00ed.\u201c<\/p>\n\n\n\n<p class=\"wp-block-paragraph\">P\u0159ik\u00fdvla.<\/p>\n\n\n\n<p class=\"wp-block-paragraph\">\u201eA m\u00e1ma s t\u00e1tou?\u201c<\/p>\n\n\n\n<p class=\"wp-block-paragraph\">Pod\u00edvala jsem se sm\u011brem ke dve\u0159\u00edm na terasu, kter\u00fdmi zmizeli.<\/p>\n\n\n\n<p class=\"wp-block-paragraph\">\u201eKone\u010dn\u011b dostanou n\u011bco, co nikdy nedali ani jedn\u00e9 z n\u00e1s.\u201c<\/p>\n\n\n\n<p class=\"wp-block-paragraph\">\u201eCo?\u201c<\/p>\n\n\n\n<p class=\"wp-block-paragraph\"><strong>\u201ePravdu.\u201c<\/strong><\/p>\n\n\n\n<p class=\"wp-block-paragraph\">Maya mi podala \u010derstvou k\u00e1vu.<\/p>\n\n\n\n<p class=\"wp-block-paragraph\">Vanessa zvedla sv\u016fj \u0161\u00e1lek.<\/p>\n\n\n\n<p class=\"wp-block-paragraph\">\u201eNa maloobchod?\u201c<\/p>\n\n\n\n<p class=\"wp-block-paragraph\">Pod\u00edvala jsem se na ni.<\/p>\n\n\n\n<p class=\"wp-block-paragraph\">P\u0159ed dvan\u00e1cti lety jsem jedla su\u0161enky z automatu v odpo\u010dinkov\u00e9 m\u00edstnosti StyleHubu a sna\u017eila se pochopit, pro\u010d t\u0159i sta bund skon\u010dilo v nespr\u00e1vn\u00e9m st\u00e1t\u011b.<\/p>\n\n\n\n<p class=\"wp-block-paragraph\">Nikdo neznal moje jm\u00e9no.<\/p>\n\n\n\n<p class=\"wp-block-paragraph\">Nikomu nez\u00e1le\u017eelo na m\u00fdch n\u00e1padech.<\/p>\n\n\n\n<p class=\"wp-block-paragraph\">Nikdo nev\u011b\u0159il, \u017ee n\u011b\u010deho dos\u00e1hnu.<\/p>\n\n\n\n<p class=\"wp-block-paragraph\">Krom\u011b jedn\u00e9 tvrdohlav\u00e9 star\u00e9 \u017eeny, kter\u00e1 vybudovala od\u011bvn\u00ed spole\u010dnost z ni\u010deho.<\/p>\n\n\n\n<p class=\"wp-block-paragraph\">Zvedla jsem \u0161\u00e1lek.<\/p>\n\n\n\n<p class=\"wp-block-paragraph\"><strong>\u201eNa babi\u010dku.\u201c<\/strong><\/p>\n\n\n\n<p class=\"wp-block-paragraph\">Vanesse se znovu naplnily o\u010di slzami.<\/p>\n\n\n\n<p class=\"wp-block-paragraph\">\u201eNa babi\u010dku.\u201c<\/p>\n\n\n\n<p class=\"wp-block-paragraph\">Na\u0161e \u0161\u00e1lky se dotkly.<\/p>\n\n\n\n<p class=\"wp-block-paragraph\">Poprv\u00e9 po mnoha letech jsme nebyly \u00fasp\u011b\u0161n\u00e1 sestra a zklam\u00e1n\u00ed rodiny.<\/p>\n\n\n\n<p class=\"wp-block-paragraph\">Nebyla mezi n\u00e1mi favoritka a neschopn\u00e1.<\/p>\n\n\n\n<p class=\"wp-block-paragraph\">Byly jsme prost\u011b vnu\u010dky Evelyn Bennettov\u00e9.<\/p>\n\n\n\n<p class=\"wp-block-paragraph\">Dv\u011b \u017eeny, kter\u00e9 kone\u010dn\u011b pochopily, \u017ee soupe\u0159en\u00ed mezi nimi podporovali lid\u00e9, kter\u00fdm vyhovovalo, kdy\u017e z\u016fstaly rozd\u011blen\u00e9.<\/p>\n\n\n\n<p class=\"wp-block-paragraph\">Oce\u00e1n nar\u00e1\u017eel do pob\u0159e\u017e\u00ed.<\/p>\n\n\n\n<p class=\"wp-block-paragraph\">Lilie se pohupovaly ve v\u011btru.<\/p>\n\n\n\n<p class=\"wp-block-paragraph\">A n\u011bkde hluboko v sob\u011b jsem si p\u0159edstavila, jak se babi\u010dka sm\u011bje.<\/p>\n\n\n\n<p class=\"wp-block-paragraph\">Proto\u017ee nejv\u011bt\u0161\u00ed v\u011bc\u00ed, kterou n\u00e1m zanechala, nebyl StyleHub.<\/p>\n\n\n\n<p class=\"wp-block-paragraph\">Nebyl to sv\u011b\u0159ensk\u00fd fond.<\/p>\n\n\n\n<p class=\"wp-block-paragraph\">Nebyly to stovky milion\u016f.<\/p>\n\n\n\n<p class=\"wp-block-paragraph\">Nebyla to ani spole\u010dnost, kterou jsem dvan\u00e1ct let budovala zp\u011bt k \u017eivotu.<\/p>\n\n\n\n<p class=\"wp-block-paragraph\"><strong>Byla to pravda, kter\u00e1 p\u0159i\u0161la ve chv\u00edli, kdy jsme kone\u010dn\u011b p\u0159estaly m\u011b\u0159it hodnotu sv\u00fdch \u017eivot\u016f pen\u011bzi.<\/strong><\/p>\n\n\n\n<p class=\"wp-block-paragraph\">Vanessa se rozhl\u00e9dla po resortu.<\/p>\n\n\n\n<p class=\"wp-block-paragraph\">\u201eTak co bude s p\u016fj\u010dkou m\u00e1my a t\u00e1ty?\u201c<\/p>\n\n\n\n<p class=\"wp-block-paragraph\">Napila jsem se k\u00e1vy.<\/p>\n\n\n\n<p class=\"wp-block-paragraph\">\u201eNo\u2026\u201c<\/p>\n\n\n\n<p class=\"wp-block-paragraph\">\u010cekala.<\/p>\n\n\n\n<p class=\"wp-block-paragraph\">Usm\u00e1la jsem se.<\/p>\n\n\n\n<p class=\"wp-block-paragraph\">\u201eMaj\u00ed t\u0159icet dn\u00ed, ne\u017e bude splatn\u00e1 prvn\u00ed spl\u00e1tka.\u201c<\/p>\n\n\n\n<p class=\"wp-block-paragraph\">Roz\u0161\u00ed\u0159ily se j\u00ed o\u010di.<\/p>\n\n\n\n<p class=\"wp-block-paragraph\">Pak jsme ob\u011b vyprskly sm\u00edchy.<\/p>\n\n\n\n<p class=\"wp-block-paragraph\">Proto\u017ee odpu\u0161t\u011bn\u00ed bylo mo\u017en\u00e9.<\/p>\n\n\n\n<p class=\"wp-block-paragraph\">Sm\u00ed\u0159en\u00ed bylo mo\u017en\u00e9.<\/p>\n\n\n\n<p class=\"wp-block-paragraph\">Dokonce i rodina byla mo\u017en\u00e1.<\/p>\n\n\n\n<p class=\"wp-block-paragraph\"><strong>Ale podnik\u00e1n\u00ed je podnik\u00e1n\u00ed.<\/strong><\/p>\n\n\n\n<p class=\"wp-block-paragraph\"><\/p>\n","protected":false},"excerpt":{"rendered":"\u201eJe p\u0159\u00edli\u0161 hloup\u00e1 na to, aby rozum\u011bla podnik\u00e1n\u00ed.\u201c Moje sestra to \u0159ekla b\u011bhem velikono\u010dn\u00edho brunche, s rukou kolem sklenky \u0161ampa\u0148sk\u00e9ho a slune\u010dn\u00edmi paprsky \n<a class=\"moretag\" href=\"https:\/\/chexia.info\/?p=10123\"> [...]<\/a>","protected":false},"author":1,"featured_media":10124,"comment_status":"open","ping_status":"open","sticky":false,"template":"","format":"standard","meta":{"footnotes":""},"categories":[1],"tags":[],"class_list":["post-10123","post","type-post","status-publish","format-standard","has-post-thumbnail","hentry","category-1"],"_links":{"self":[{"href":"https:\/\/chexia.info\/index.php?rest_route=\/wp\/v2\/posts\/10123","targetHints":{"allow":["GET"]}}],"collection":[{"href":"https:\/\/chexia.info\/index.php?rest_route=\/wp\/v2\/posts"}],"about":[{"href":"https:\/\/chexia.info\/index.php?rest_route=\/wp\/v2\/types\/post"}],"author":[{"embeddable":true,"href":"https:\/\/chexia.info\/index.php?rest_route=\/wp\/v2\/users\/1"}],"replies":[{"embeddable":true,"href":"https:\/\/chexia.info\/index.php?rest_route=%2Fwp%2Fv2%2Fcomments&post=10123"}],"version-history":[{"count":1,"href":"https:\/\/chexia.info\/index.php?rest_route=\/wp\/v2\/posts\/10123\/revisions"}],"predecessor-version":[{"id":10125,"href":"https:\/\/chexia.info\/index.php?rest_route=\/wp\/v2\/posts\/10123\/revisions\/10125"}],"wp:featuredmedia":[{"embeddable":true,"href":"https:\/\/chexia.info\/index.php?rest_route=\/wp\/v2\/media\/10124"}],"wp:attachment":[{"href":"https:\/\/chexia.info\/index.php?rest_route=%2Fwp%2Fv2%2Fmedia&parent=10123"}],"wp:term":[{"taxonomy":"category","embeddable":true,"href":"https:\/\/chexia.info\/index.php?rest_route=%2Fwp%2Fv2%2Fcategories&post=10123"},{"taxonomy":"post_tag","embeddable":true,"href":"https:\/\/chexia.info\/index.php?rest_route=%2Fwp%2Fv2%2Ftags&post=10123"}],"curies":[{"name":"wp","href":"https:\/\/api.w.org\/{rel}","templated":true}]}}