{"id":10167,"date":"2026-09-03T21:01:41","date_gmt":"2026-09-03T18:01:41","guid":{"rendered":"https:\/\/chexia.info\/?p=10167"},"modified":"2026-09-03T21:01:41","modified_gmt":"2026-09-03T18:01:41","slug":"podepis-rozvodove-papiry-nez-ti-otevrou-lebku-kdyz-se-neprobudis-alespon-si-claudia-a-ja-budeme-moct-vzit-bez-zbytecnych-komplikaci","status":"publish","type":"post","link":"https:\/\/chexia.info\/?p=10167","title":{"rendered":"\u201ePodepi\u0161 rozvodov\u00e9 pap\u00edry, ne\u017e ti otev\u0159ou lebku. Kdy\u017e se neprobud\u00ed\u0161, alespo\u0148 si Claudia a j\u00e1 budeme moct vz\u00edt bez zbyte\u010dn\u00fdch komplikac\u00ed.\u201c"},"content":{"rendered":"\n<p class=\"wp-block-paragraph\">Tahle slova mi m\u016fj man\u017eel \u0159ekl p\u0159esn\u011b dv\u011b hodiny p\u0159ed operac\u00ed mozkov\u00e9ho n\u00e1doru.<\/p>\n\n\n\n<p class=\"wp-block-paragraph\">Jmenuji se Camila Vance, je mi p\u011bta\u010dty\u0159icet a patn\u00e1ct let jsem v\u011b\u0159ila, \u017ee jsem vdan\u00e1 za mu\u017ee, kter\u00fd sice nen\u00ed dokonal\u00fd, ale v hloubi du\u0161e je slu\u0161n\u00fd \u010dlov\u011bk.<\/p>\n\n\n\n<p class=\"wp-block-paragraph\">To r\u00e1no jsem le\u017eela v soukrom\u00e9m nemocni\u010dn\u00edm pokoji v Chicagu a \u010dekala, \u017ee Alejandro p\u0159ijde, vezme m\u011b za ruku a ujist\u00ed m\u011b, \u017ee v\u0161echno dob\u0159e dopadne.<\/p>\n\n\n\n<p class=\"wp-block-paragraph\">M\u00edsto toho ve\u0161el v nov\u00e9m dokonale padnouc\u00edm obleku, von\u011bl drah\u00fdm parf\u00e9mem a v ruce dr\u017eel ko\u017eenou aktovku.<\/p>\n\n\n\n<p class=\"wp-block-paragraph\">\u2014 Pro\u010d jsi takhle oble\u010den\u00fd? \u2014 zeptala jsem se ochrapt\u011bl\u00fdm hlasem.<\/p>\n\n\n\n<p class=\"wp-block-paragraph\">\u2014 M\u00e1m d\u016fle\u017eit\u00fd pracovn\u00ed ob\u011bd.<\/p>\n\n\n\n<p class=\"wp-block-paragraph\">Vyt\u00e1hl z desek n\u011bkolik list\u016f a polo\u017eil je p\u0159\u00edmo na moji nemocni\u010dn\u00ed p\u0159ikr\u00fdvku.<\/p>\n\n\n\n<p class=\"wp-block-paragraph\">\u2014 Claudia a j\u00e1 chceme za\u010d\u00edt nov\u00fd \u017eivot. Jej\u00ed d\u00edt\u011b pr\u00e1v\u011b oslavilo prvn\u00ed narozeniny. M\u016fj syn. \u010cekal jsem dost dlouho.<\/p>\n\n\n\n<p class=\"wp-block-paragraph\">Monitor vedle postele za\u010dal rychleji p\u00edpat.<\/p>\n\n\n\n<p class=\"wp-block-paragraph\">Claudia nebyla \u017e\u00e1dn\u00e1 ciz\u00ed \u017eena.<\/p>\n\n\n\n<p class=\"wp-block-paragraph\">Byla mou nejlep\u0161\u00ed kamar\u00e1dkou u\u017e od st\u0159edn\u00ed \u0161koly.<\/p>\n\n\n\n<p class=\"wp-block-paragraph\">Kdy\u017e mi p\u0159ed \u0161esti m\u011bs\u00edci l\u00e9ka\u0159i diagnostikovali n\u00e1dor, byla to pr\u00e1v\u011b ona, kdo m\u011b jako prvn\u00ed objal a sl\u00edbil mi, \u017ee mi pom\u016f\u017ee postarat se o Alejandra, zat\u00edmco budu proch\u00e1zet l\u00e9\u010dbou.<\/p>\n\n\n\n<p class=\"wp-block-paragraph\">Te\u010f jsem p\u0159esn\u011b pochopila, jakou \u201epomoc\u201c mu celou dobu poskytovala.<\/p>\n\n\n\n<p class=\"wp-block-paragraph\">Alejandro pokra\u010doval klidn\u00fdm hlasem. A pr\u00e1v\u011b jeho klid m\u011b d\u011bsil v\u00edc ne\u017e jak\u00fdkoli vztek.<\/p>\n\n\n\n<p class=\"wp-block-paragraph\">\u2014 Pod\u00edvej, Camilo, nechci b\u00fdt krut\u00fd. Ale ty jsi mi nikdy nemohla d\u00e1t d\u011bti. Te\u010f jsi nemocn\u00e1. Claudia je mlad\u00e1, zdrav\u00e1 a dala mi syna. I j\u00e1 si zaslou\u017e\u00edm opravdovou rodinu.<\/p>\n\n\n\n<p class=\"wp-block-paragraph\">\u2014 Jak dlouho spolu jste?<\/p>\n\n\n\n<p class=\"wp-block-paragraph\">\u2014 Na tom u\u017e nez\u00e1le\u017e\u00ed.<\/p>\n\n\n\n<p class=\"wp-block-paragraph\">\u2014 A to d\u00edt\u011b?<\/p>\n\n\n\n<p class=\"wp-block-paragraph\">Usm\u00e1l se py\u0161n\u011b.<\/p>\n\n\n\n<p class=\"wp-block-paragraph\">\u2014 Je moje. A Claudia, jako tvoje nejlep\u0161\u00ed kamar\u00e1dka, si mysl\u00ed, \u017ee bys za n\u00e1s m\u011bla b\u00fdt \u0161\u0165astn\u00e1.<\/p>\n\n\n\n<p class=\"wp-block-paragraph\">Pak se naklonil bl\u00ed\u017e.<\/p>\n\n\n\n<p class=\"wp-block-paragraph\">\u2014 Bu\u010fme realist\u00e9. Kdyby se b\u011bhem operace n\u011bco pokazilo, nechci \u0159e\u0161it d\u011bdictv\u00ed, soudn\u00ed spory a nemocni\u010dn\u00ed pap\u00edrov\u00e1n\u00ed. Prost\u011b to podepi\u0161.<\/p>\n\n\n\n<p class=\"wp-block-paragraph\">Patn\u00e1ct let man\u017eelstv\u00ed se v jedin\u00e9m okam\u017eiku zm\u011bnilo v podpis, kter\u00fd po mn\u011b cht\u011bl dv\u011b hodiny p\u0159ed operac\u00ed mozku.<\/p>\n\n\n\n<p class=\"wp-block-paragraph\">Pod\u00edvala jsem se na n\u011bj.<\/p>\n\n\n\n<p class=\"wp-block-paragraph\">A najednou m\u016fj strach zmizel.<\/p>\n\n\n\n<p class=\"wp-block-paragraph\">Nahradila ho ledov\u00e1 jasnost.<\/p>\n\n\n\n<p class=\"wp-block-paragraph\">\u2014 Dob\u0159e.<\/p>\n\n\n\n<p class=\"wp-block-paragraph\">Alejandro zamrkal.<\/p>\n\n\n\n<figure class=\"wp-block-image size-large\"><img loading=\"lazy\" decoding=\"async\" width=\"819\" height=\"1024\" src=\"https:\/\/chexia.info\/wp-content\/uploads\/2026\/09\/hospital_1080x1350-819x1024.jpg\" alt=\"\" class=\"wp-image-10169\" srcset=\"https:\/\/chexia.info\/wp-content\/uploads\/2026\/09\/hospital_1080x1350-819x1024.jpg 819w, https:\/\/chexia.info\/wp-content\/uploads\/2026\/09\/hospital_1080x1350-240x300.jpg 240w, https:\/\/chexia.info\/wp-content\/uploads\/2026\/09\/hospital_1080x1350-768x960.jpg 768w, https:\/\/chexia.info\/wp-content\/uploads\/2026\/09\/hospital_1080x1350.jpg 1080w\" sizes=\"auto, (max-width: 819px) 100vw, 819px\" \/><\/figure>\n\n\n\n<p class=\"wp-block-paragraph\">\u2014 Co\u017ee?<\/p>\n\n\n\n<p class=\"wp-block-paragraph\">\u2014 Podep\u00ed\u0161u to.<\/p>\n\n\n\n<p class=\"wp-block-paragraph\">S infuz\u00ed st\u00e1le p\u0159ilepenou k z\u00e1p\u011bst\u00ed jsem vzala t\u0159esouc\u00ed se rukou pero a podepsala posledn\u00ed \u0159\u00e1dek.<\/p>\n\n\n\n<p class=\"wp-block-paragraph\">Okam\u017eit\u011b mi pap\u00edry vytrhl z rukou a v\u00edt\u011bzoslavn\u011b se usm\u00e1l.<\/p>\n\n\n\n<p class=\"wp-block-paragraph\">\u2014 V\u011bd\u011bl jsem, \u017ee to nakonec pochop\u00ed\u0161. Hodn\u011b \u0161t\u011bst\u00ed p\u0159i operaci.<\/p>\n\n\n\n<p class=\"wp-block-paragraph\">Ode\u0161el.<\/p>\n\n\n\n<p class=\"wp-block-paragraph\">Ani m\u011b nepol\u00edbil.<\/p>\n\n\n\n<p class=\"wp-block-paragraph\">Nedotkl se m\u00e9ho ramene.<\/p>\n\n\n\n<p class=\"wp-block-paragraph\">Ani se neohl\u00e9dl.<\/p>\n\n\n\n<p class=\"wp-block-paragraph\">J\u00e1 jsem ale neplakala.<\/p>\n\n\n\n<p class=\"wp-block-paragraph\">Proto\u017ee Alejandro netu\u0161il jednu z\u00e1sadn\u00ed v\u011bc.<\/p>\n\n\n\n<p class=\"wp-block-paragraph\">Luxusn\u00ed byt v centru Chicaga, do kter\u00e9ho se pl\u00e1noval p\u0159est\u011bhovat s Claudi\u00ed, nezaplatil on.<\/p>\n\n\n\n<p class=\"wp-block-paragraph\">Platinov\u00e9 kreditn\u00ed karty, kter\u00fdmi si po\u0159izoval zna\u010dkov\u00e9 obleky, hodinky, drah\u00e9 ve\u010de\u0159e a dovolen\u00e9, nebyly hrazen\u00e9 z jeho skromn\u00e9ho platu.<\/p>\n\n\n\n<p class=\"wp-block-paragraph\">A ani pen\u00edze, kter\u00e9 ka\u017ed\u00fd m\u011bs\u00edc udr\u017eovaly p\u0159i \u017eivot\u011b truhl\u00e1\u0159skou d\u00edlnu jeho rodi\u010d\u016f v Indian\u011b, nepoch\u00e1zely z jeho \u201einvestic\u201c.<\/p>\n\n\n\n<p class=\"wp-block-paragraph\">Ka\u017ed\u00fd cent poch\u00e1zel ode m\u011b.<\/p>\n\n\n\n<p class=\"wp-block-paragraph\">M\u016fj otec str\u00e1vil \u010dty\u0159icet let budov\u00e1n\u00edm rozs\u00e1hl\u00e9ho imp\u00e9ria v oblasti komer\u010dn\u00edch nemovitost\u00ed. Po jeho smrti jsem zd\u011bdila nemovitosti, pod\u00edly ve firm\u00e1ch a samostatn\u00fd sv\u011b\u0159ensk\u00fd fond, kter\u00fd byl zcela odd\u011blen\u00fd od man\u017eelsk\u00e9ho majetku.<\/p>\n\n\n\n<p class=\"wp-block-paragraph\">Alejandro o skute\u010dn\u00e9m rozsahu m\u00e9ho majetku nikdy nev\u011bd\u011bl.<\/p>\n\n\n\n<p class=\"wp-block-paragraph\">Nikdy jsem se sv\u00fdm bohatstv\u00edm nechlubila.<\/p>\n\n\n\n<p class=\"wp-block-paragraph\">Myslela jsem si, \u017ee chr\u00e1nit jeho k\u0159ehk\u00e9 ego je projev l\u00e1sky.<\/p>\n\n\n\n<p class=\"wp-block-paragraph\">To byla moje nejv\u011bt\u0161\u00ed chyba.<\/p>\n\n\n\n<p class=\"wp-block-paragraph\">Kdy\u017e m\u011b chirurgick\u00fd t\u00fdm p\u0159i\u0161el p\u0159ipravit na operaci, zav\u0159ela jsem o\u010di a sl\u00edbila si jedinou v\u011bc:<\/p>\n\n\n\n<p class=\"wp-block-paragraph\"><strong>Jestli se probud\u00edm, v\u0161echna ta le\u017e skon\u010d\u00ed.<\/strong><\/p>\n\n\n\n<p class=\"wp-block-paragraph\">Operace trvala sedm hodin.<\/p>\n\n\n\n<p class=\"wp-block-paragraph\">Kdy\u017e jsem se probudila na poopera\u010dn\u00edm odd\u011blen\u00ed, neurochirurg se na m\u011b usm\u00edval.<\/p>\n\n\n\n<p class=\"wp-block-paragraph\">\u2014 Camilo, dopadlo to skv\u011ble. N\u00e1dor jsme \u00fasp\u011b\u0161n\u011b odstranili a bez komplikac\u00ed.<\/p>\n\n\n\n<p class=\"wp-block-paragraph\">P\u0159e\u017eila jsem.<\/p>\n\n\n\n<p class=\"wp-block-paragraph\">Ale t\u00edm to nekon\u010dilo.<\/p>\n\n\n\n<p class=\"wp-block-paragraph\">Tentokr\u00e1t jsem se m\u011bla probudit do \u017eivota, ve kter\u00e9m u\u017e nebudu ml\u010det.<\/p>\n\n\n\n<hr class=\"wp-block-separator has-alpha-channel-opacity\"\/>\n\n\n\n<h2 class=\"wp-block-heading\">O t\u00fdden pozd\u011bji<\/h2>\n\n\n\n<p class=\"wp-block-paragraph\">Jakmile jsem dok\u00e1zala bez probl\u00e9m\u016f chodit po chodb\u011b, zavolala jsem Richardovi Vanceovi, dlouholet\u00e9mu rodinn\u00e9mu pr\u00e1vn\u00edkovi.<\/p>\n\n\n\n<p class=\"wp-block-paragraph\">Spravoval majetek m\u00e9 rodiny u\u017e d\u00e1vno p\u0159edt\u00edm, ne\u017e Alejandro vstoupil do m\u00e9ho \u017eivota.<\/p>\n\n\n\n<p class=\"wp-block-paragraph\">\u0158ekla jsem mu v\u0161echno.<\/p>\n\n\n\n<p class=\"wp-block-paragraph\">Chv\u00edli ml\u010del.<\/p>\n\n\n\n<p class=\"wp-block-paragraph\">Pak promluvil v\u011bcn\u011b:<\/p>\n\n\n\n<p class=\"wp-block-paragraph\">\u2014 Camilo, pot\u0159ebuji tvoje form\u00e1ln\u00ed svolen\u00ed ke t\u0159em okam\u017eit\u00fdm krok\u016fm. Zastav\u00edme pravideln\u00e9 m\u011bs\u00ed\u010dn\u00ed platby tv\u00fdm tch\u00e1n\u016fm, odebereme Alejandrovi p\u0159\u00edstup ke v\u0161em tv\u00fdm hlavn\u00edm kreditn\u00edm \u00fa\u010dt\u016fm a okam\u017eit\u011b odd\u011bl\u00edme spole\u010dn\u00e9 provozn\u00ed prost\u0159edky.<\/p>\n\n\n\n<p class=\"wp-block-paragraph\">\u2014 Ud\u011blej to dnes.<\/p>\n\n\n\n<p class=\"wp-block-paragraph\">\u2014 A byt v centru?<\/p>\n\n\n\n<p class=\"wp-block-paragraph\">\u2014 Chra\u0148 m\u016fj majetek. Nechci \u017e\u00e1dn\u00e9 protipr\u00e1vn\u00ed vyst\u011bhov\u00e1n\u00ed. V\u0161echno mus\u00ed prob\u011bhnout p\u0159esn\u011b podle z\u00e1kona.<\/p>\n\n\n\n<p class=\"wp-block-paragraph\">Druh\u00fd den v dev\u011bt r\u00e1no Alejandro zjistil, \u017ee jeho platinov\u00e1 karta nefunguje ani na n\u00e1kup k\u00e1vy.<\/p>\n\n\n\n<p class=\"wp-block-paragraph\">Okam\u017eit\u011b mi zavolal.<\/p>\n\n\n\n<p class=\"wp-block-paragraph\">\u2014 Co jsi ud\u011blala s m\u00fdmi \u00fa\u010dty?!<\/p>\n\n\n\n<p class=\"wp-block-paragraph\">\u2014 S tv\u00fdmi \u00fa\u010dty?<\/p>\n\n\n\n<p class=\"wp-block-paragraph\">\u2014 Nehraj si na hloupou! Jsem pr\u00e1v\u011b u prodejce aut. Cht\u011bl jsem koupit Claudii nov\u00e9 SUV a karta byla zam\u00edtnuta!<\/p>\n\n\n\n<p class=\"wp-block-paragraph\">\u2014 Mo\u017en\u00e1 bys m\u011bl zkusit zaplatit vlastn\u00edm platem.<\/p>\n\n\n\n<p class=\"wp-block-paragraph\">N\u00e1sledovala spr\u0161ka nad\u00e1vek.<\/p>\n\n\n\n<p class=\"wp-block-paragraph\">Pak zav\u011bsil.<\/p>\n\n\n\n<p class=\"wp-block-paragraph\">O dv\u011b hodiny pozd\u011bji ve\u0161la Claudia do m\u00e9ho nemocni\u010dn\u00edho pokoje.<\/p>\n\n\n\n<p class=\"wp-block-paragraph\">M\u011bla na sob\u011b r\u016f\u017eov\u00e9 zna\u010dkov\u00e9 \u0161aty a v ruce luxusn\u00ed kabelku.<\/p>\n\n\n\n<p class=\"wp-block-paragraph\">\u017d\u00e1dn\u00e9 kv\u011btiny.<\/p>\n\n\n\n<p class=\"wp-block-paragraph\">\u2014 Tak se pod\u00edvejme. Ty jsi opravdu p\u0159e\u017eila \u2014 \u0159ekla sladk\u00fdm, fale\u0161n\u00fdm hlasem. \u2014 To je ale nep\u0159\u00edjemn\u00e9.<\/p>\n\n\n\n<p class=\"wp-block-paragraph\">Posadila se do k\u0159esla, jako by j\u00ed pokoj pat\u0159il.<\/p>\n\n\n\n<p class=\"wp-block-paragraph\">\u2014 Alejandro mi \u0159ekl, \u017ee jsi podepsala pap\u00edry. D\u011bkuji, Camilo. Kone\u010dn\u011b m\u016f\u017eeme b\u00fdt opravdov\u00e1 rodina.<\/p>\n\n\n\n<p class=\"wp-block-paragraph\">Pak vyt\u00e1hla telefon a uk\u00e1zala mi fotografii.<\/p>\n\n\n\n<p class=\"wp-block-paragraph\">Na sn\u00edmku byla Claudia, Alejandro a mal\u00e9 d\u00edt\u011b v luxusn\u00edm resortu v Miami.<\/p>\n\n\n\n<p class=\"wp-block-paragraph\">Alejandro m\u011bl na ruce zlat\u00e9 hodinky, kter\u00e9 jsem mu darovala k na\u0161emu des\u00e1t\u00e9mu v\u00fdro\u010d\u00ed.<\/p>\n\n\n\n<p class=\"wp-block-paragraph\">\u2014 Pod\u00edvej se na n\u011bj \u2014 chlubila se. \u2014 S tebou nikdy nebyl skute\u010dn\u011b \u0161\u0165astn\u00fd. Byla jsi pro n\u011bj jen p\u0159\u00edt\u011b\u017e\u00ed. Te\u010f m\u00e1 skute\u010dnou \u017eenu a syna.<\/p>\n\n\n\n<p class=\"wp-block-paragraph\">Nechala jsem ji mluvit.<\/p>\n\n\n\n<p class=\"wp-block-paragraph\">A ona se za\u010dala chlubit je\u0161t\u011b v\u00edc.<\/p>\n\n\n\n<p class=\"wp-block-paragraph\">\u2014 Alejandro vyd\u011bl\u00e1v\u00e1 neuv\u011b\u0159iteln\u00e9 pen\u00edze. P\u0159\u00ed\u0161t\u00ed m\u011bs\u00edc se m\u00e1 st\u00e1t viceprezidentem. U\u017e pl\u00e1nujeme, \u017ee se natrvalo p\u0159est\u011bhujeme do tv\u00e9ho\u2026 tedy jeho bytu v centru.<\/p>\n\n\n\n<p class=\"wp-block-paragraph\">M\u00e1lem jsem se usm\u00e1la.<\/p>\n\n\n\n<p class=\"wp-block-paragraph\">Ne\u017e ode\u0161la, p\u0159idala posledn\u00ed r\u00e1nu:<\/p>\n\n\n\n<p class=\"wp-block-paragraph\">\u2014 Mimochodem, o v\u00edkendu vezmeme d\u00edt\u011b k hrobu tv\u00fdch rodi\u010d\u016f. Alejandro n\u00e1s chce p\u0159edstavit jako svou novou rodinu.<\/p>\n\n\n\n<p class=\"wp-block-paragraph\">To u\u017e se m\u011b dotklo.<\/p>\n\n\n\n<p class=\"wp-block-paragraph\">Pam\u00e1tka m\u00fdch rodi\u010d\u016f pro m\u011b byla posv\u00e1tn\u00e1.<\/p>\n\n\n\n<p class=\"wp-block-paragraph\">P\u0159edstava, \u017ee by jejich hrob pou\u017eili jako kulisu pro svou malou v\u00edt\u011bznou show, m\u011b naplnila ledov\u00fdm vztekem.<\/p>\n\n\n\n<p class=\"wp-block-paragraph\">Jakmile Claudia ode\u0161la, zavolala jsem otci Thomasovi, star\u00e9mu rodinn\u00e9mu p\u0159\u00edteli, kter\u00fd se staral o farnost u h\u0159bitova, kde byli pochov\u00e1ni moji rodi\u010de.<\/p>\n\n\n\n<p class=\"wp-block-paragraph\">Vysv\u011btlila jsem mu situaci.<\/p>\n\n\n\n<p class=\"wp-block-paragraph\">Ujistil m\u011b, \u017ee nedovol\u00ed, aby se jejich hrob stal m\u00edstem n\u011bjak\u00e9 poni\u017euj\u00edc\u00ed pod\u00edvan\u00e9.<\/p>\n\n\n\n<hr class=\"wp-block-separator has-alpha-channel-opacity\"\/>\n\n\n\n<h2 class=\"wp-block-heading\">O n\u011bkolik hodin pozd\u011bji<\/h2>\n\n\n\n<p class=\"wp-block-paragraph\">Alejandro mi zavolal p\u0159es videohovor.<\/p>\n\n\n\n<p class=\"wp-block-paragraph\">Za n\u00edm byl m\u016fj luxusn\u00ed ob\u00fdvac\u00ed pokoj.<\/p>\n\n\n\n<p class=\"wp-block-paragraph\">Vypadal jako po v\u00fdbuchu.<\/p>\n\n\n\n<p class=\"wp-block-paragraph\">Moje oble\u010den\u00ed bylo nacpan\u00e9 do \u010dern\u00fdch pytl\u016f na odpadky.<\/p>\n\n\n\n<p class=\"wp-block-paragraph\">Staro\u017eitn\u00e9 knihy le\u017eely rozh\u00e1zen\u00e9 po podlaze.<\/p>\n\n\n\n<p class=\"wp-block-paragraph\">Claudia st\u00e1la p\u0159ed zrcadlem a zkou\u0161ela si jeden z m\u00fdch ka\u0161m\u00edrov\u00fdch kab\u00e1t\u016f.<\/p>\n\n\n\n<p class=\"wp-block-paragraph\">A vedle n\u00ed st\u00e1li Alejandrovi rodi\u010de.<\/p>\n\n\n\n<p class=\"wp-block-paragraph\">\u2014 Kone\u010dn\u011b se zbavujeme tv\u00e9ho haramp\u00e1d\u00ed! \u2014 vysm\u00edval se Alejandro do telefonu. \u2014 Tohle m\u00edsto pot\u0159ebuje mlad\u0161\u00ed a \u017eiv\u011bj\u0161\u00ed \u017eenu.<\/p>\n\n\n\n<p class=\"wp-block-paragraph\">Moje tchyn\u011b p\u0159istoupila bl\u00ed\u017e.<\/p>\n\n\n\n<p class=\"wp-block-paragraph\">\u2014 Camilo, u\u017e nejsi rodina. Claudia n\u00e1m dala vnuka.<\/p>\n\n\n\n<p class=\"wp-block-paragraph\">Alejandro zvedl d\u0159ev\u011bnou krabi\u010dku.<\/p>\n\n\n\n<p class=\"wp-block-paragraph\">Byly v n\u00ed fotografie m\u00fdch rodi\u010d\u016f a kapesn\u00ed hodinky po m\u00e9m otci.<\/p>\n\n\n\n<p class=\"wp-block-paragraph\">\u2014 Tohle v\u0161echno let\u00ed do popelnice.<\/p>\n\n\n\n<p class=\"wp-block-paragraph\">\u2014 Ani se jich nedot\u00fdkej \u2014 \u0159ekla jsem ti\u0161e.<\/p>\n\n\n\n<p class=\"wp-block-paragraph\">V\u0161ichni \u010dty\u0159i se zasm\u00e1li.<\/p>\n\n\n\n<p class=\"wp-block-paragraph\">Pak obrazovka z\u010dernala.<\/p>\n\n\n\n<p class=\"wp-block-paragraph\">O deset minut pozd\u011bji vstoupil Richard do m\u00e9ho pokoje s tlustou \u0161edou slo\u017ekou.<\/p>\n\n\n\n<p class=\"wp-block-paragraph\">\u2014 M\u00e1me n\u011bkolik novinek, Camilo.<\/p>\n\n\n\n<p class=\"wp-block-paragraph\">Polo\u017eil slo\u017eku na m\u016fj kl\u00edn.<\/p>\n\n\n\n<p class=\"wp-block-paragraph\">\u2014 Alejandro se dnes pokusil vyd\u00e1vat za jedin\u00e9ho vlastn\u00edka jedn\u00e9 z tv\u00fdch kancel\u00e1\u0159sk\u00fdch budov, aby z\u00edskal soukrom\u00fd podnikatelsk\u00fd \u00fav\u011br. Jeho firma u\u017e zah\u00e1jila intern\u00ed vy\u0161et\u0159ov\u00e1n\u00ed.<\/p>\n\n\n\n<p class=\"wp-block-paragraph\">\u2014 Jak mohl b\u00fdt tak hloup\u00fd?<\/p>\n\n\n\n<p class=\"wp-block-paragraph\">\u2014 Proto\u017ee patn\u00e1ct let p\u0159esv\u011bd\u010doval s\u00e1m sebe, \u017ee v\u0161echno, \u010deho se dotkne, mu pat\u0159\u00ed.<\/p>\n\n\n\n<p class=\"wp-block-paragraph\">Pak vyt\u00e1hl jeden dokument.<\/p>\n\n\n\n<p class=\"wp-block-paragraph\">\u2014 Ale tohle je je\u0161t\u011b d\u016fle\u017eit\u011bj\u0161\u00ed.<\/p>\n\n\n\n<p class=\"wp-block-paragraph\">Podal mi \u00fa\u0159edn\u011b ov\u011b\u0159en\u00fd pr\u00e1vn\u00ed dokument.<\/p>\n\n\n\n<p class=\"wp-block-paragraph\">\u2014 Prov\u011b\u0159il jsem Claudii kv\u016fli prob\u00edhaj\u00edc\u00edmu majetkov\u00e9mu sporu. P\u0159ed osmi m\u011bs\u00edci podala u soudu v Cook County \u017e\u00e1dost o ur\u010den\u00ed otcovstv\u00ed a v\u00fd\u017eivn\u00e9. A v soudn\u00edm spise je certifikovan\u00fd test DNA.<\/p>\n\n\n\n<p class=\"wp-block-paragraph\">Ztuhla jsem.<\/p>\n\n\n\n<p class=\"wp-block-paragraph\">\u2014 Kv\u016fli tomu d\u00edt\u011bti?<\/p>\n\n\n\n<p class=\"wp-block-paragraph\">Richard p\u0159ik\u00fdvl.<\/p>\n\n\n\n<p class=\"wp-block-paragraph\">\u2014 Ano.<\/p>\n\n\n\n<p class=\"wp-block-paragraph\">\u2014 A Alejandro?<\/p>\n\n\n\n<p class=\"wp-block-paragraph\">Pod\u00edval se mi p\u0159\u00edmo do o\u010d\u00ed.<\/p>\n\n\n\n<p class=\"wp-block-paragraph\">\u2014 Alejandro nen\u00ed biologick\u00fdm otcem.<\/p>\n\n\n\n<hr class=\"wp-block-separator has-alpha-channel-opacity\"\/>\n\n\n\n<h2 class=\"wp-block-heading\">O dva dny pozd\u011bji<\/h2>\n\n\n\n<p class=\"wp-block-paragraph\">L\u00e9ka\u0159 mi povolil na \u010dty\u0159i hodiny opustit nemocni\u010dn\u00ed odd\u011blen\u00ed.<\/p>\n\n\n\n<p class=\"wp-block-paragraph\">P\u0159ijel pro m\u011b soukrom\u00fd v\u016fz a odvezl m\u011b k prosklen\u00e9mu mrakodrapu v centru Chicaga.<\/p>\n\n\n\n<p class=\"wp-block-paragraph\">V t\u00e9 budov\u011b s\u00eddlila Alejandrova firma.<\/p>\n\n\n\n<p class=\"wp-block-paragraph\">Nikdy se neobt\u011b\u017eoval zjistit, \u017ee cel\u00fd mrakodrap pat\u0159\u00ed realitn\u00ed spole\u010dnosti ovl\u00e1dan\u00e9 nadac\u00ed m\u00e9 rodiny.<\/p>\n\n\n\n<p class=\"wp-block-paragraph\">Cel\u00e9 roky se chlubil, \u017ee jeho firma s\u00eddl\u00ed v presti\u017en\u00ed budov\u011b d\u00edky jeho v\u00fdznamn\u00e9mu postaven\u00ed.<\/p>\n\n\n\n<p class=\"wp-block-paragraph\">Ve skute\u010dnosti byl gener\u00e1ln\u00ed \u0159editel Stephen Miller bl\u00edzk\u00fdm obchodn\u00edm partnerem m\u00e9ho otce a rodinn\u00fd fond Vanceov\u00fdch dr\u017eel ve spole\u010dnosti v\u00fdznamn\u00fd pod\u00edl.<\/p>\n\n\n\n<p class=\"wp-block-paragraph\">Jakmile jsem vstoupila do mramorov\u00e9 haly, usly\u0161ela jsem Alejandra d\u0159\u00edv, ne\u017e jsem ho spat\u0159ila.<\/p>\n\n\n\n<p class=\"wp-block-paragraph\">P\u0159ivedl Claudii, d\u00edt\u011b i sv\u00e9 rodi\u010de, aby se s nimi pochlubil zam\u011bstnanc\u016fm.<\/p>\n\n\n\n<p class=\"wp-block-paragraph\">\u2014 Chci, aby v\u0161ichni poznali moji skute\u010dnou rodinu! \u2014 chlubil se. \u2014 Kone\u010dn\u011b jsem se zbavil nemocn\u00e9 a bezmocn\u00e9 man\u017eelky, kter\u00e1 cel\u00fd \u017eivot \u017eila z m\u00e9 tvrd\u00e9 pr\u00e1ce.<\/p>\n\n\n\n<p class=\"wp-block-paragraph\">Claudia st\u00e1la vedle n\u011bj s luxusn\u00ed kabelkou.<\/p>\n\n\n\n<p class=\"wp-block-paragraph\">Jeho rodi\u010de v\u0161ak vypadali sp\u00ed\u0161 vyd\u011b\u0161en\u011b ne\u017e \u0161\u0165astn\u011b.<\/p>\n\n\n\n<p class=\"wp-block-paragraph\">\u2014 Alejandro \u2014 prosila jeho matka \u2014 banka n\u00e1m zmrazila \u00fav\u011br na d\u00edlnu v Indian\u011b! \u0158ekli, \u017ee m\u011bs\u00ed\u010dn\u00ed platby byly zru\u0161eny!<\/p>\n\n\n\n<p class=\"wp-block-paragraph\">\u2014 Uklidni se, mami. Vy\u0159e\u0161\u00edm to. Camila jen zablokovala vedlej\u0161\u00ed \u00fa\u010dty, proto\u017ee je zaho\u0159kl\u00e1.<\/p>\n\n\n\n<p class=\"wp-block-paragraph\">\u2014 Dlu\u017e\u00edme p\u0159es sto tis\u00edc dolar\u016f za nov\u00e9 pr\u016fmyslov\u00e9 pily! \u2014 zast\u00e9nal jeho otec. \u2014 Vzali jsme si p\u016fj\u010dky, proto\u017ee jsi tvrdil, \u017ee ty m\u011bs\u00ed\u010dn\u00ed platby jsou tvoje osobn\u00ed mana\u017eersk\u00e9 bonusy!<\/p>\n\n\n\n<p class=\"wp-block-paragraph\">Alejandro se nerv\u00f3zn\u011b rozhl\u00e9dl.<\/p>\n\n\n\n<p class=\"wp-block-paragraph\">\u2014 Jakmile tento t\u00fdden dostanu pov\u00fd\u0161en\u00ed na viceprezidenta, bude ten dluh sm\u011b\u0161n\u00fd.<\/p>\n\n\n\n<p class=\"wp-block-paragraph\">Vtom se za nimi otev\u0159ely dve\u0159e v\u00fdtahu.<\/p>\n\n\n\n<p class=\"wp-block-paragraph\">Vy\u0161el z n\u011bj Stephen Miller.<\/p>\n\n\n\n<p class=\"wp-block-paragraph\">Vedle n\u011bj st\u00e1l Richard.<\/p>\n\n\n\n<p class=\"wp-block-paragraph\">A za nimi j\u00e1.<\/p>\n\n\n\n<p class=\"wp-block-paragraph\">V hale zavl\u00e1dlo ticho.<\/p>\n\n\n\n<p class=\"wp-block-paragraph\">Alejandro se oto\u010dil.<\/p>\n\n\n\n<p class=\"wp-block-paragraph\">Kdy\u017e m\u011b uvid\u011bl v hedv\u00e1bn\u00e9 halence a elegantn\u00edch kalhot\u00e1ch, pohrdav\u011b se zasm\u00e1l.<\/p>\n\n\n\n<p class=\"wp-block-paragraph\">\u2014 Ty jsi m\u011b opravdu sledovala a\u017e do kancel\u00e1\u0159e, abys m\u011b prosila, a\u0165 se vr\u00e1t\u00edm?<\/p>\n\n\n\n<p class=\"wp-block-paragraph\">Ml\u010dela jsem.<\/p>\n\n\n\n<p class=\"wp-block-paragraph\">\u2014 Pod\u00edvej se na sebe, Camilo. Je konec. Ani kdybys te\u010f kle\u010dela na kolenou, Claudii neopust\u00edm. A te\u010f odblokuj moje kreditn\u00ed karty. Hraje\u0161 si s pen\u011bzi, kter\u00e9 nejsou tvoje.<\/p>\n\n\n\n<p class=\"wp-block-paragraph\">Stephen ud\u011blal krok vp\u0159ed.<\/p>\n\n\n\n<p class=\"wp-block-paragraph\">\u2014 Pane Vanci, okam\u017eit\u011b p\u0159esta\u0148te mluvit.<\/p>\n\n\n\n<p class=\"wp-block-paragraph\">Alejandro se zasm\u00e1l.<\/p>\n\n\n\n<p class=\"wp-block-paragraph\">\u2014 Stephene, s ve\u0161kerou \u00factou, tohle je soukrom\u00e1 rodinn\u00e1 z\u00e1le\u017eitost.<\/p>\n\n\n\n<p class=\"wp-block-paragraph\">\u2014 Ne, Alejandro. Stala se z toho firemn\u00ed z\u00e1le\u017eitost ve chv\u00edli, kdy jste p\u0159edlo\u017eil zfal\u0161ovan\u00e9 dokumenty dokazuj\u00edc\u00ed va\u0161e vlastnictv\u00ed t\u00e9to budovy, abyste z\u00edskal neopr\u00e1vn\u011bn\u00fd \u00fav\u011br.<\/p>\n\n\n\n<p class=\"wp-block-paragraph\">Alejandro zbledl.<\/p>\n\n\n\n<p class=\"wp-block-paragraph\">\u2014 O \u010dem to mluv\u00edte?<\/p>\n\n\n\n<p class=\"wp-block-paragraph\">Stephen uk\u00e1zal vzh\u016fru na mrakodrap.<\/p>\n\n\n\n<p class=\"wp-block-paragraph\">\u2014 Tato budova pat\u0159\u00ed spole\u010dnosti Sterling Real Estate Holdings, kterou v\u00fdhradn\u011b spravuje rodinn\u00fd fond pan\u00ed Camily Vanceov\u00e9.<\/p>\n\n\n\n<p class=\"wp-block-paragraph\">Alejandro nerv\u00f3zn\u011b vyprskl sm\u00edchy.<\/p>\n\n\n\n<p class=\"wp-block-paragraph\">\u2014 To je nemo\u017en\u00e9. Ona \u017e\u00e1dn\u00e9 budovy nevlastn\u00ed.<\/p>\n\n\n\n<p class=\"wp-block-paragraph\">\u2014 A nejen to \u2014 pokra\u010doval Stephen. \u2014 Vance Family Trust je jedn\u00edm z hlavn\u00edch institucion\u00e1ln\u00edch investor\u016f na\u0161\u00ed spole\u010dnosti. \u017dena, kterou jste pr\u00e1v\u011b nazval bezmocn\u00fdm parazitem, je nejen na\u0161e pronaj\u00edmatelka. Kapit\u00e1l jej\u00ed rodiny p\u0159\u00edmo financoval roz\u0161\u00ed\u0159en\u00ed t\u00e9to firmy.<\/p>\n\n\n\n<p class=\"wp-block-paragraph\">Halou se rozlehlo p\u0159ekvapen\u00e9 vydechnut\u00ed.<\/p>\n\n\n\n<p class=\"wp-block-paragraph\">Alejandro na m\u011b z\u00edral.<\/p>\n\n\n\n<p class=\"wp-block-paragraph\">\u2014 Ty\u2026 ty m\u00e1\u0161 tolik pen\u011bz?<\/p>\n\n\n\n<p class=\"wp-block-paragraph\">Richard otev\u0159el svou aktovku.<\/p>\n\n\n\n<p class=\"wp-block-paragraph\">\u2014 Zde jsou ov\u011b\u0159en\u00e9 listiny, zakl\u00e1dac\u00ed dokumenty a finan\u010dn\u00ed z\u00e1znamy. Byt v centru byl zakoupen v\u00fdhradn\u011b z p\u0159edman\u017eelsk\u00e9ho d\u011bdictv\u00ed a je chr\u00e1n\u011bn samostatn\u00fdm sv\u011b\u0159ensk\u00fdm fondem. Platinov\u00e9 kreditn\u00ed karty, kter\u00e9 jste pou\u017e\u00edval, byly pouze dopl\u0148kov\u00e9 karty hrazen\u00e9 z majetku pan\u00ed Vanceov\u00e9. A m\u011bs\u00ed\u010dn\u00ed p\u0159evody pen\u011bz do d\u00edlny va\u0161ich rodi\u010d\u016f byly dobrovoln\u00e9 dary z jej\u00edch soukrom\u00fdch prost\u0159edk\u016f.<\/p>\n\n\n\n<p class=\"wp-block-paragraph\">Alejandrova matka si zakryla \u00fasta.<\/p>\n\n\n\n<p class=\"wp-block-paragraph\">\u2014 Ty jsi p\u0159ed p\u011bti lety splatila na\u0161i p\u016fj\u010dku na vybaven\u00ed?<\/p>\n\n\n\n<p class=\"wp-block-paragraph\">\u2014 Ano.<\/p>\n\n\n\n<p class=\"wp-block-paragraph\">\u2014 A ty t\u0159i tis\u00edce dolar\u016f ka\u017ed\u00fd m\u011bs\u00edc?<\/p>\n\n\n\n<p class=\"wp-block-paragraph\">\u2014 Tak\u00e9 j\u00e1.<\/p>\n\n\n\n<p class=\"wp-block-paragraph\">Jeho otec se sesunul na lavi\u010dku a zakryl si obli\u010dej.<\/p>\n\n\n\n<p class=\"wp-block-paragraph\">Vzpomn\u011bla jsem si na ve\u010de\u0159i u nich doma p\u0159ed t\u0159emi lety.<\/p>\n\n\n\n<p class=\"wp-block-paragraph\">Moje tchyn\u011b tehdy nam\u00ed\u0159ila vidli\u010dkou m\u00fdm sm\u011brem a p\u0159ed v\u0161emi \u0159ekla, \u017ee jsem neschopn\u00e1 man\u017eelka, kter\u00e1 nem\u016f\u017ee ani vyd\u011blat pen\u00edze, ani d\u00e1t jej\u00edmu synovi d\u011bdice.<\/p>\n\n\n\n<p class=\"wp-block-paragraph\">Alejandro se sm\u00e1l a souhlasil s n\u00ed.<\/p>\n\n\n\n<p class=\"wp-block-paragraph\">\u2014 M\u00e1ma m\u00e1 pravdu. Bez m\u00e9ho platu by Camila ani nev\u011bd\u011bla, jak zaplatit \u00fa\u010det za elekt\u0159inu.<\/p>\n\n\n\n<p class=\"wp-block-paragraph\">Ml\u010dela jsem.<\/p>\n\n\n\n<p class=\"wp-block-paragraph\">A druh\u00fd den jsem znovu poslala pen\u00edze na z\u00e1chranu jeho otce p\u0159ed bankrotem.<\/p>\n\n\n\n<p class=\"wp-block-paragraph\">Te\u010f u\u017e to skon\u010dilo.<\/p>\n\n\n\n<p class=\"wp-block-paragraph\">\u2014 Ty m\u011bs\u00ed\u010dn\u00ed p\u0159evody jsou definitivn\u011b zru\u0161en\u00e9 \u2014 ozn\u00e1mila jsem jeho rodi\u010d\u016fm. \u2014 Ne z pomsty. Ale proto\u017ee jste mi dali jasn\u011b najevo, \u017ee nejsem va\u0161e rodina. U\u017e nebudu financovat lidi, kte\u0159\u00ed pova\u017euj\u00ed mou \u0161t\u011bdrost za slabost.<\/p>\n\n\n\n<p class=\"wp-block-paragraph\">Moje tchyn\u011b se ke mn\u011b rozb\u011bhla.<\/p>\n\n\n\n<p class=\"wp-block-paragraph\">\u2014 Camilo, zlat\u00ed\u010dko, v\u017edy\u0165 jsme byli jen rozru\u0161en\u00ed!<\/p>\n\n\n\n<p class=\"wp-block-paragraph\">\u2014 Te\u010f u\u017e p\u0159esn\u011b v\u00edm, kdo jste.<\/p>\n\n\n\n<p class=\"wp-block-paragraph\">Alejandro byl cel\u00fd zpocen\u00fd.<\/p>\n\n\n\n<p class=\"wp-block-paragraph\">\u2014 Dob\u0159e! Ud\u011blal jsem chyby! Ale po\u0159\u00e1d jsme man\u017eel\u00e9! Polovina toho fondu mi pr\u00e1vn\u011b pat\u0159\u00ed!<\/p>\n\n\n\n<p class=\"wp-block-paragraph\">Richard se t\u00e9m\u011b\u0159 usm\u00e1l.<\/p>\n\n\n\n<p class=\"wp-block-paragraph\">\u2014 Omyl. S\u00e1m jste p\u0159ed\u010dasn\u011b podal n\u00e1vrh na urychlen\u00fd rozvod, ve kter\u00e9m jste se v\u00fdslovn\u011b vzdal n\u00e1roku na man\u017eelsk\u00e9 v\u00fd\u017eivn\u00e9 i majetkov\u00e9 n\u00e1roky. Dokument jste podepsal a p\u0159edal m\u00e9 klientce v nemocnici. Soud ji\u017e pod\u00e1n\u00ed p\u0159ijal. A p\u0159edman\u017eelsk\u00e9 d\u011bdictv\u00ed je podle z\u00e1kona odd\u011blen\u00fdm majetkem.<\/p>\n\n\n\n<p class=\"wp-block-paragraph\">Alejandrova tv\u00e1\u0159 se zm\u011bnila v masku paniky.<\/p>\n\n\n\n<p class=\"wp-block-paragraph\">\u2014 Ona m\u011b podvedla! Nechala m\u011b v\u011b\u0159it, \u017ee v\u0161echno plat\u00edm j\u00e1!<\/p>\n\n\n\n<p class=\"wp-block-paragraph\">\u2014 Ne \u2014 \u0159ekla jsem. \u2014 J\u00e1 jsem ti dovolila zachovat si d\u016fstojnost. Ty ses rozhodl prom\u011bnit ji v aroganci a krutost.<\/p>\n\n\n\n<p class=\"wp-block-paragraph\">Claudia, kter\u00e1 dosud ml\u010dela, najednou chytila Alejandra za ruku.<\/p>\n\n\n\n<p class=\"wp-block-paragraph\">\u2014 \u0158\u00edkal jsi mi, \u017ee jsi multimilion\u00e1\u0159! \u017de ten byt pat\u0159\u00ed tob\u011b!<\/p>\n\n\n\n<p class=\"wp-block-paragraph\">\u2014 J\u00e1\u2026 jsem! Tedy\u2026 myslel jsem\u2026<\/p>\n\n\n\n<p class=\"wp-block-paragraph\">\u2014 Pr\u00e1v\u011b dok\u00e1zali, \u017ee ti nepat\u0159\u00ed v\u016fbec nic!<\/p>\n\n\n\n<p class=\"wp-block-paragraph\">Pod\u00edvala jsem se na Claudii.<\/p>\n\n\n\n<p class=\"wp-block-paragraph\">\u2014 A ty tak\u00e9 nejsi \u00fapln\u011b up\u0159\u00edmn\u00e1.<\/p>\n\n\n\n<p class=\"wp-block-paragraph\">Richard vyt\u00e1hl \u0161edou slo\u017eku.<\/p>\n\n\n\n<p class=\"wp-block-paragraph\">Alejandro se prudce oto\u010dil.<\/p>\n\n\n\n<p class=\"wp-block-paragraph\">\u2014 O \u010dem to mluv\u00edte?<\/p>\n\n\n\n<p class=\"wp-block-paragraph\">Richard vysv\u011btlil, \u017ee p\u0159i prov\u011b\u0159ov\u00e1n\u00ed dokument\u016f souvisej\u00edc\u00edch s rozvodem zjistil prob\u00edhaj\u00edc\u00ed \u0159\u00edzen\u00ed o otcovstv\u00ed, kter\u00e9 Claudia p\u0159ed osmi m\u011bs\u00edci podala proti jin\u00e9mu mu\u017ei.<\/p>\n\n\n\n<p class=\"wp-block-paragraph\">Sou\u010d\u00e1st\u00ed spisu byl certifikovan\u00fd test DNA.<\/p>\n\n\n\n<p class=\"wp-block-paragraph\">Claudia zbledla.<\/p>\n\n\n\n<p class=\"wp-block-paragraph\">\u2014 To je soukrom\u00e1 v\u011bc!<\/p>\n\n\n\n<p class=\"wp-block-paragraph\">\u2014 Je to soudn\u00ed z\u00e1znam \u2014 opravil ji Richard. \u2014 A genetick\u00fd test potvrzuje, \u017ee Alejandro Vance nem\u00e1 s d\u00edt\u011btem \u017e\u00e1dn\u00fd biologick\u00fd vztah.<\/p>\n\n\n\n<p class=\"wp-block-paragraph\">V hale zavl\u00e1dlo \u00fapln\u00e9 ticho.<\/p>\n\n\n\n<p class=\"wp-block-paragraph\">Alejandro se pod\u00edval na d\u00edt\u011b v Claudiin\u011b n\u00e1ru\u010d\u00ed.<\/p>\n\n\n\n<p class=\"wp-block-paragraph\">Potom na ni.<\/p>\n\n\n\n<p class=\"wp-block-paragraph\">\u2014 \u0158ekni mi, \u017ee l\u017ee!<\/p>\n\n\n\n<p class=\"wp-block-paragraph\">Claudia sklopila o\u010di.<\/p>\n\n\n\n<p class=\"wp-block-paragraph\">\u2014 \u0158ekni mi to!<\/p>\n\n\n\n<p class=\"wp-block-paragraph\">\u2014 P\u0159esta\u0148 k\u0159i\u010det! D\u011bl\u00e1\u0161 sc\u00e9nu!<\/p>\n\n\n\n<p class=\"wp-block-paragraph\">\u2014 Cel\u00fd rok jsem v\u0161em \u0159\u00edkal, \u017ee je to m\u016fj syn!<\/p>\n\n\n\n<p class=\"wp-block-paragraph\">Claudia zk\u0159\u00ed\u017eila ruce.<\/p>\n\n\n\n<p class=\"wp-block-paragraph\">\u2014 Proto\u017ee jsi tomu zoufale cht\u011bl v\u011b\u0159it! Tak moc jsi cht\u011bl d\u011bdice, kter\u00fdm bys pon\u00ed\u017eil svou nemocnou man\u017eelku, \u017ee jsi uv\u011b\u0159il v\u0161emu, co jsem ti \u0159ekla, ani\u017e by ses jedinkr\u00e1t zeptal na pravdu!<\/p>\n\n\n\n<p class=\"wp-block-paragraph\">Ne\u017e sta\u010dil odpov\u011bd\u011bt, do haly vstoupil mu\u017e doprov\u00e1zen\u00fd dv\u011bma soukrom\u00fdmi vy\u0161et\u0159ovateli.<\/p>\n\n\n\n<p class=\"wp-block-paragraph\">Jmenoval se Marcus Vance.<\/p>\n\n\n\n<p class=\"wp-block-paragraph\">Jeho jm\u00e9no bylo uvedeno v p\u016fvodn\u00edm \u0159\u00edzen\u00ed o v\u00fd\u017eivn\u00e9m jako \u00fadajn\u00fd otec d\u00edt\u011bte.<\/p>\n\n\n\n<p class=\"wp-block-paragraph\">Claudia zav\u0159ela o\u010di.<\/p>\n\n\n\n<p class=\"wp-block-paragraph\">Marcus nep\u0159i\u0161el vyvolat sc\u00e9nu.<\/p>\n\n\n\n<p class=\"wp-block-paragraph\">Jeho pr\u00e1vn\u00edk p\u0159edal Richardovi dokumenty, podle kter\u00fdch Claudia udr\u017eovala vztah s Marcusem, po\u017e\u00e1dala o v\u00fd\u017eivn\u00e9 v dob\u011b, kdy se jeho podnik\u00e1n\u00ed da\u0159ilo, a zmizela pot\u00e9, co jeho firma \u010delila do\u010dasn\u00e9 st\u00e1tn\u00ed kontrole.<\/p>\n\n\n\n<p class=\"wp-block-paragraph\">Pozd\u011bji se na internetu znovu objevila s Alejandrem.<\/p>\n\n\n\n<p class=\"wp-block-paragraph\">Proto\u017ee si myslela, \u017ee je bohat\u00fd.<\/p>\n\n\n\n<p class=\"wp-block-paragraph\">Najednou v\u0161echno d\u00e1valo smysl.<\/p>\n\n\n\n<p class=\"wp-block-paragraph\">Claudia Alejandra nikdy nemilovala.<\/p>\n\n\n\n<p class=\"wp-block-paragraph\">Milovala iluzi, kterou j\u00ed prodal.<\/p>\n\n\n\n<p class=\"wp-block-paragraph\">Alejandro se cel\u00e9 roky chlubil, \u017ee je \u00fasp\u011b\u0161n\u00fd podnikatel, \u017ee vlastn\u00ed luxusn\u00ed byt a \u017ee brzy z\u00edsk\u00e1 kontrolu nad svou firmou.<\/p>\n\n\n\n<p class=\"wp-block-paragraph\">Claudia vid\u011bla n\u00e1\u0161 \u017eivot zven\u010d\u00ed.<\/p>\n\n\n\n<p class=\"wp-block-paragraph\">Dovolen\u00e9.<\/p>\n\n\n\n<p class=\"wp-block-paragraph\">Restaurace.<\/p>\n\n\n\n<p class=\"wp-block-paragraph\">Drah\u00e9 hodinky.<\/p>\n\n\n\n<p class=\"wp-block-paragraph\">Luxusn\u00ed byt.<\/p>\n\n\n\n<p class=\"wp-block-paragraph\">A usoudila, \u017ee j\u00e1 jsem nemocn\u00e1, bezmocn\u00e1 \u017eena, zat\u00edmco m\u016fj man\u017eel m\u00e1 kontrolu nad cel\u00fdm na\u0161\u00edm majetkem.<\/p>\n\n\n\n<p class=\"wp-block-paragraph\">Rozhodla se m\u011b nahradit.<\/p>\n\n\n\n<p class=\"wp-block-paragraph\">\u2014 \u0158\u00edkal jsi mi, \u017ee m\u00e1\u0161 miliony! \u2014 k\u0159i\u010dela Claudia na Alejandra. \u2014 \u0158\u00edkal jsi, \u017ee ten byt je tv\u016fj!<\/p>\n\n\n\n<p class=\"wp-block-paragraph\">\u2014 Myslel jsem, \u017ee jsou to moje pen\u00edze!<\/p>\n\n\n\n<p class=\"wp-block-paragraph\">\u2014 Tak jsi je\u0161t\u011b hloup\u011bj\u0161\u00ed, ne\u017e jsem si myslela!<\/p>\n\n\n\n<p class=\"wp-block-paragraph\">Stephen\u016fv hlas p\u0159eru\u0161il jejich h\u00e1dku.<\/p>\n\n\n\n<p class=\"wp-block-paragraph\">\u2014 Pane Vanci, zb\u00fdv\u00e1 n\u00e1m je\u0161t\u011b jedna v\u011bc.<\/p>\n\n\n\n<p class=\"wp-block-paragraph\">Podal AlejandrovI dopis.<\/p>\n\n\n\n<p class=\"wp-block-paragraph\">\u2014 S okam\u017eitou platnost\u00ed jste propu\u0161t\u011bn z d\u016fvodu z\u00e1va\u017en\u00e9ho poru\u0161en\u00ed pracovn\u00edch povinnost\u00ed.<\/p>\n\n\n\n<p class=\"wp-block-paragraph\">Alejandro zbledl.<\/p>\n\n\n\n<p class=\"wp-block-paragraph\">Intern\u00ed audit odhalil neopr\u00e1vn\u011bn\u00e9 v\u00fddaje, pozm\u011bn\u011bn\u00e9 firemn\u00ed faktury a pokus pou\u017e\u00edt majetek spole\u010dnosti jako z\u00e1stavu pro soukrom\u00fd \u00fav\u011br.<\/p>\n\n\n\n<p class=\"wp-block-paragraph\">Firma u\u017e p\u0159edala d\u016fkazy st\u00e1tn\u00edmu zastupitelstv\u00ed.<\/p>\n\n\n\n<p class=\"wp-block-paragraph\">Alejandrovi se podlomila kolena.<\/p>\n\n\n\n<p class=\"wp-block-paragraph\">Cel\u00e9 vy\u0161et\u0159ov\u00e1n\u00ed neza\u010dalo kv\u016fli na\u0161emu rozvodu.<\/p>\n\n\n\n<p class=\"wp-block-paragraph\">Prob\u00edhalo u\u017e n\u011bkolik t\u00fddn\u016f.<\/p>\n\n\n\n<p class=\"wp-block-paragraph\">Jeho pokus pou\u017e\u00edt mou budovu jako z\u00e1stavu jim pouze poskytl posledn\u00ed d\u016fkaz, kter\u00fd pot\u0159ebovali.<\/p>\n\n\n\n<hr class=\"wp-block-separator has-alpha-channel-opacity\"\/>\n\n\n\n<h2 class=\"wp-block-heading\">\u201eCamilo\u2026\u201c<\/h2>\n\n\n\n<p class=\"wp-block-paragraph\">Alejandro ke mn\u011b vykro\u010dil.<\/p>\n\n\n\n<p class=\"wp-block-paragraph\">Bylo to poprv\u00e9 od chv\u00edle, kdy vstoupil do m\u00e9ho nemocni\u010dn\u00edho pokoje, kdy vyslovil moje jm\u00e9no bez pohrd\u00e1n\u00ed.<\/p>\n\n\n\n<p class=\"wp-block-paragraph\">\u2014 Pros\u00edm\u2026 \u0159ekni Stephenovi, a\u0165 st\u00e1hne obvin\u011bn\u00ed. M\u016f\u017eeme to napravit! Claudia pro m\u011b nic neznamen\u00e1! To d\u00edt\u011b nen\u00ed moje! Byli jsme spolu patn\u00e1ct let!<\/p>\n\n\n\n<p class=\"wp-block-paragraph\">Klekl si p\u0159ede mnou.<\/p>\n\n\n\n<p class=\"wp-block-paragraph\">Pod\u00edvala jsem se na n\u011bj.<\/p>\n\n\n\n<p class=\"wp-block-paragraph\">\u2014 P\u0159ed t\u0159emi dny jsi st\u00e1l u m\u00e9 nemocni\u010dn\u00ed postele a nutil m\u011b podepsat rozvodov\u00e9 pap\u00edry, proto\u017ee jsi v\u011b\u0159il, \u017ee zem\u0159u na opera\u010dn\u00edm stole.<\/p>\n\n\n\n<p class=\"wp-block-paragraph\">\u2014 Byl jsem zmaten\u00fd! Byl jsem pod tlakem!<\/p>\n\n\n\n<p class=\"wp-block-paragraph\">\u2014 \u0158ekl jsi mi, \u017ee jsem vadn\u00e1.<\/p>\n\n\n\n<p class=\"wp-block-paragraph\">\u2014 Nemyslel jsem to tak!<\/p>\n\n\n\n<p class=\"wp-block-paragraph\">\u2014 Vyhro\u017eoval jsi, \u017ee vyhod\u00ed\u0161 fotografie m\u00fdch rodi\u010d\u016f do popelnice.<\/p>\n\n\n\n<p class=\"wp-block-paragraph\">Alejandro sklopil hlavu a za\u010dal nekontrolovateln\u011b plakat.<\/p>\n\n\n\n<p class=\"wp-block-paragraph\">\u2014 Odpus\u0165 mi\u2026<\/p>\n\n\n\n<p class=\"wp-block-paragraph\">\u2014 Ne.<\/p>\n\n\n\n<p class=\"wp-block-paragraph\">Chv\u00edli jsem ml\u010dela.<\/p>\n\n\n\n<p class=\"wp-block-paragraph\">\u2014 Odpustit neznamen\u00e1 vr\u00e1tit ti kl\u00ed\u010de od m\u00e9ho \u017eivota.<\/p>\n\n\n\n<p class=\"wp-block-paragraph\">Jeho rodi\u010de za\u010dali prosit tak\u00e9.<\/p>\n\n\n\n<p class=\"wp-block-paragraph\">\u2014 Camilo, mysli na n\u00e1s! Jsme sta\u0159\u00ed! P\u0159ijdeme o d\u00edlnu!<\/p>\n\n\n\n<p class=\"wp-block-paragraph\">\u2014 Kdy\u017e jste m\u011b naz\u00fdvali neplodnou, nezam\u011bstnanou a p\u0159\u00edt\u011b\u017e\u00ed, nebyla jsem pro v\u00e1s rodina \u2014 odpov\u011bd\u011bla jsem. \u2014 Nep\u0159eji v\u00e1m nic zl\u00e9ho. Ale va\u0161e dluhy u\u017e nejsou m\u016fj probl\u00e9m.<\/p>\n\n\n\n<p class=\"wp-block-paragraph\">Claudia mezit\u00edm zam\u00ed\u0159ila ke dve\u0159\u00edm s d\u00edt\u011btem v n\u00e1ru\u010d\u00ed.<\/p>\n\n\n\n<p class=\"wp-block-paragraph\">Cht\u011bla zmizet.<\/p>\n\n\n\n<p class=\"wp-block-paragraph\">Jen\u017ee jej\u00ed probl\u00e9my teprve za\u010d\u00ednaly.<\/p>\n\n\n\n<p class=\"wp-block-paragraph\">Marcus\u016fv pr\u00e1vn\u00ed t\u00fdm j\u00ed p\u0159ed budovou doru\u010dil dokumenty t\u00fdkaj\u00edc\u00ed se podvodu a p\u00e9\u010de o d\u00edt\u011b.<\/p>\n\n\n\n<p class=\"wp-block-paragraph\">O n\u011bkolik minut pozd\u011bji dorazili dva kriminalist\u00e9 z finan\u010dn\u00edho odd\u011blen\u00ed s p\u0159\u00edkazem k zat\u010den\u00ed Alejandra kv\u016fli vy\u0161et\u0159ov\u00e1n\u00ed firemn\u00edch podvod\u016f.<\/p>\n\n\n\n<p class=\"wp-block-paragraph\">Kdy\u017e mu nasazovali pouta, za\u010dal panika\u0159it.<\/p>\n\n\n\n<p class=\"wp-block-paragraph\">\u2014 Camilo! Jsem tv\u016fj man\u017eel! Ud\u011blej n\u011bco!<\/p>\n\n\n\n<p class=\"wp-block-paragraph\">Richard zav\u0159el aktovku.<\/p>\n\n\n\n<p class=\"wp-block-paragraph\">\u2014 Vy jste m\u011bl obrovsk\u00fd sp\u011bch p\u0159estat b\u00fdt jej\u00edm man\u017eelem, pane Vanci. Te\u010f si u\u017eijte n\u00e1sledky.<\/p>\n\n\n\n<p class=\"wp-block-paragraph\">Alejandro byl odveden p\u0159es sklen\u011bn\u00e9 oto\u010dn\u00e9 dve\u0159e p\u0159ed zraky sv\u00fdch b\u00fdval\u00fdch koleg\u016f.<\/p>\n\n\n\n<p class=\"wp-block-paragraph\">Z mu\u017ee, kter\u00fd je\u0161t\u011b p\u0159ed t\u00fddnem p\u0159i\u0161el do m\u00e9ho nemocni\u010dn\u00edho pokoje v drah\u00e9m obleku a po\u017eadoval rozvod p\u0159ed operac\u00ed mozku, nezbylo t\u00e9m\u011b\u0159 nic.<\/p>\n\n\n\n<p class=\"wp-block-paragraph\">Kone\u010dn\u011b pochopil pravdu.<\/p>\n\n\n\n<p class=\"wp-block-paragraph\">Pen\u00edze nebyly jeho.<\/p>\n\n\n\n<p class=\"wp-block-paragraph\">Byt nebyl jeho.<\/p>\n\n\n\n<p class=\"wp-block-paragraph\">D\u00edt\u011b nebylo jeho.<\/p>\n\n\n\n<p class=\"wp-block-paragraph\">A moc, kterou se tolik let chlubil, byla jen iluze financovan\u00e1 \u017eenou, kterou se pokusil odhodit.<\/p>\n\n\n\n<hr class=\"wp-block-separator has-alpha-channel-opacity\"\/>\n\n\n\n<h1 class=\"wp-block-heading\">O \u0161est m\u011bs\u00edc\u016f pozd\u011bji<\/h1>\n\n\n\n<p class=\"wp-block-paragraph\">Slune\u010dn\u00ed sv\u011btlo dopadalo na klidn\u00fd h\u0159bitov na severu Chicaga.<\/p>\n\n\n\n<p class=\"wp-block-paragraph\">St\u00e1la jsem p\u0159ed nale\u0161t\u011bn\u00fdm \u017eulov\u00fdm n\u00e1hrobkem se dv\u011bma jm\u00e9ny:<\/p>\n\n\n\n<p class=\"wp-block-paragraph\"><strong>Arthur a Eleanor Vanceovi.<\/strong><\/p>\n\n\n\n<p class=\"wp-block-paragraph\">Polo\u017eila jsem k n\u011bmu \u010derstv\u00e9 b\u00edl\u00e9 lilie a posadila se na lavi\u010dku.<\/p>\n\n\n\n<p class=\"wp-block-paragraph\">Po \u0161t\u011brkov\u00e9 cest\u011b p\u0159ich\u00e1zel otec Thomas.<\/p>\n\n\n\n<p class=\"wp-block-paragraph\">Usm\u00e1l se.<\/p>\n\n\n\n<p class=\"wp-block-paragraph\">\u2014 U\u017e se sem nevr\u00e1tili, Camilo. Od toho dne, kdy jsme je nepustili k hrobu, se sem Alejandro ani ta \u017eena nepokusili p\u0159ij\u00edt.<\/p>\n\n\n\n<p class=\"wp-block-paragraph\">\u2014 D\u011bkuji, ot\u010de.<\/p>\n\n\n\n<p class=\"wp-block-paragraph\">\u2014 Tvoji rodi\u010de by na tebe byli velmi py\u0161n\u00ed.<\/p>\n\n\n\n<p class=\"wp-block-paragraph\">Polo\u017eil mi ruku na rameno a pomalu ode\u0161el sm\u011brem ke kapli.<\/p>\n\n\n\n<p class=\"wp-block-paragraph\">Z\u016fstala jsem tam dlouho sama.<\/p>\n\n\n\n<p class=\"wp-block-paragraph\">Poslouchala jsem v\u00edtr v korun\u00e1ch dub\u016f.<\/p>\n\n\n\n<p class=\"wp-block-paragraph\">A poprv\u00e9 od sv\u00e9 diagn\u00f3zy jsem si dovolila plakat.<\/p>\n\n\n\n<p class=\"wp-block-paragraph\">Ne kv\u016fli Alejandru.<\/p>\n\n\n\n<p class=\"wp-block-paragraph\">Plakala jsem kv\u016fli \u017een\u011b, kterou jsem byla posledn\u00edch patn\u00e1ct let.<\/p>\n\n\n\n<p class=\"wp-block-paragraph\">Kv\u016fli \u017een\u011b, kter\u00e1 si spletla l\u00e1sku s neust\u00e1lou ochranou mu\u017eova k\u0159ehk\u00e9ho ega.<\/p>\n\n\n\n<p class=\"wp-block-paragraph\">Kv\u016fli \u017een\u011b, kter\u00e1 ti\u0161e platila dluhy, sn\u00e1\u0161ela ur\u00e1\u017eky tch\u00e1n\u016f a tolerovala roky nen\u00e1padn\u00e9ho poni\u017eov\u00e1n\u00ed, proto\u017ee v\u011b\u0159ila, \u017ee nekone\u010dn\u00e1 \u0161t\u011bdrost dok\u00e1\u017ee zachr\u00e1nit man\u017eelstv\u00ed.<\/p>\n\n\n\n<p class=\"wp-block-paragraph\">M\u016fj otec mi kdysi \u0159ekl:<\/p>\n\n\n\n<p class=\"wp-block-paragraph\"><strong>\u201eCamilo, pom\u00e1hat \u010dlov\u011bku, kter\u00e9ho miluje\u0161, je ctnost. Ale d\u00e1t mu kl\u00ed\u010de od sv\u00e9 d\u016fstojnosti je trag\u00e9die.\u201c<\/strong><\/p>\n\n\n\n<p class=\"wp-block-paragraph\">Teprve te\u010f jsem pochopila, co t\u00edm myslel.<\/p>\n\n\n\n<p class=\"wp-block-paragraph\">Alejandro si spletl moje ml\u010den\u00ed s bezmoc\u00ed.<\/p>\n\n\n\n<p class=\"wp-block-paragraph\">Claudia si spletla mou nemoc s p\u0159\u00edle\u017eitost\u00ed.<\/p>\n\n\n\n<p class=\"wp-block-paragraph\">Moji tch\u00e1nov\u00e9 si spletli mou trp\u011blivost s povinnost\u00ed.<\/p>\n\n\n\n<p class=\"wp-block-paragraph\">A v\u0161ichni si spletli laskavost se slabost\u00ed.<\/p>\n\n\n\n<p class=\"wp-block-paragraph\">A j\u00e1 jsem jim tu chybu dovolovala p\u0159\u00edli\u0161 dlouho.<\/p>\n\n\n\n<p class=\"wp-block-paragraph\">Dotkla jsem se jizvy pod vlasy.<\/p>\n\n\n\n<p class=\"wp-block-paragraph\">U\u017e jsem ji nevn\u00edmala jako n\u011bco, za co bych se m\u011bla styd\u011bt.<\/p>\n\n\n\n<p class=\"wp-block-paragraph\">Byla d\u016fkazem, \u017ee jsem p\u0159e\u017eila.<\/p>\n\n\n\n<p class=\"wp-block-paragraph\">P\u0159e\u017eila jsem dv\u011b z\u00e1sadn\u00ed operace.<\/p>\n\n\n\n<p class=\"wp-block-paragraph\">Jedna odstranila n\u00e1dor z m\u00e9ho mozku.<\/p>\n\n\n\n<p class=\"wp-block-paragraph\">Ta druh\u00e1 odstranila toxick\u00fd \u017eivot postaven\u00fd na l\u017e\u00edch.<\/p>\n\n\n\n<p class=\"wp-block-paragraph\">Vstala jsem z lavi\u010dky, p\u0159it\u00e1hla si kab\u00e1t bl\u00ed\u017e k t\u011blu a vydala se ke sv\u00e9mu autu.<\/p>\n\n\n\n<p class=\"wp-block-paragraph\">Ztr\u00e1ta fale\u0161n\u00e9 rodiny m\u011b nezlomila.<\/p>\n\n\n\n<p class=\"wp-block-paragraph\">Nez\u016fstala jsem sama.<\/p>\n\n\n\n<p class=\"wp-block-paragraph\">Jen mi kone\u010dn\u011b vytvo\u0159ila dost prostoru, abych znovu na\u0161la jedin\u00e9ho \u010dlov\u011bka, kter\u00e9ho jsem patn\u00e1ct let opou\u0161t\u011bla ve snaze ud\u011blat \u0161\u0165astn\u00fdmi v\u0161echny ostatn\u00ed:<\/p>\n\n\n\n<p class=\"wp-block-paragraph\"><strong>sebe.<\/strong><\/p>\n\n\n\n<p class=\"wp-block-paragraph\"><\/p>\n","protected":false},"excerpt":{"rendered":"Tahle slova mi m\u016fj man\u017eel \u0159ekl p\u0159esn\u011b dv\u011b hodiny p\u0159ed operac\u00ed mozkov\u00e9ho n\u00e1doru. Jmenuji se Camila Vance, je mi p\u011bta\u010dty\u0159icet a patn\u00e1ct let \n<a class=\"moretag\" href=\"https:\/\/chexia.info\/?p=10167\"> [...]<\/a>","protected":false},"author":1,"featured_media":10170,"comment_status":"open","ping_status":"open","sticky":false,"template":"","format":"standard","meta":{"footnotes":""},"categories":[1],"tags":[],"class_list":["post-10167","post","type-post","status-publish","format-standard","has-post-thumbnail","hentry","category-1"],"_links":{"self":[{"href":"https:\/\/chexia.info\/index.php?rest_route=\/wp\/v2\/posts\/10167","targetHints":{"allow":["GET"]}}],"collection":[{"href":"https:\/\/chexia.info\/index.php?rest_route=\/wp\/v2\/posts"}],"about":[{"href":"https:\/\/chexia.info\/index.php?rest_route=\/wp\/v2\/types\/post"}],"author":[{"embeddable":true,"href":"https:\/\/chexia.info\/index.php?rest_route=\/wp\/v2\/users\/1"}],"replies":[{"embeddable":true,"href":"https:\/\/chexia.info\/index.php?rest_route=%2Fwp%2Fv2%2Fcomments&post=10167"}],"version-history":[{"count":1,"href":"https:\/\/chexia.info\/index.php?rest_route=\/wp\/v2\/posts\/10167\/revisions"}],"predecessor-version":[{"id":10171,"href":"https:\/\/chexia.info\/index.php?rest_route=\/wp\/v2\/posts\/10167\/revisions\/10171"}],"wp:featuredmedia":[{"embeddable":true,"href":"https:\/\/chexia.info\/index.php?rest_route=\/wp\/v2\/media\/10170"}],"wp:attachment":[{"href":"https:\/\/chexia.info\/index.php?rest_route=%2Fwp%2Fv2%2Fmedia&parent=10167"}],"wp:term":[{"taxonomy":"category","embeddable":true,"href":"https:\/\/chexia.info\/index.php?rest_route=%2Fwp%2Fv2%2Fcategories&post=10167"},{"taxonomy":"post_tag","embeddable":true,"href":"https:\/\/chexia.info\/index.php?rest_route=%2Fwp%2Fv2%2Ftags&post=10167"}],"curies":[{"name":"wp","href":"https:\/\/api.w.org\/{rel}","templated":true}]}}