{"id":10217,"date":"2026-09-05T18:52:46","date_gmt":"2026-09-05T15:52:46","guid":{"rendered":"https:\/\/chexia.info\/?p=10217"},"modified":"2026-09-05T18:52:46","modified_gmt":"2026-09-05T15:52:46","slug":"zena-ktera-nemuze-dat-rodine-dedice-v-teto-rodine-nema-misto-rikavala-mi-tchyne","status":"publish","type":"post","link":"https:\/\/chexia.info\/?p=10217","title":{"rendered":"\u201e\u017dena, kter\u00e1 nem\u016f\u017ee d\u00e1t rodin\u011b d\u011bdice, v t\u00e9to rodin\u011b nem\u00e1 m\u00edsto,\u201c \u0159\u00edk\u00e1vala mi tchyn\u011b."},"content":{"rendered":"\n<p class=\"wp-block-paragraph\">Jmenuji se Camille Durandov\u00e1 a nikdy by m\u011b nenapadlo, \u017ee jednoho dne dostanu pozv\u00e1n\u00ed od \u017eeny, kter\u00e1 m\u011b kdysi \u00fapln\u011b zni\u010dila.<\/p>\n\n\n\n<p class=\"wp-block-paragraph\">Emma de Monclerov\u00e1, Hugova matka, neust\u00e1le opakovala, \u017ee rodina Monclerov\u00fdch se nikdy nem\u00fdl\u00ed. Pro ni bylo p\u0159\u00edjmen\u00ed d\u016fle\u017eit\u011bj\u0161\u00ed ne\u017e v\u0161echno ostatn\u00ed \u2014 dokonce i ne\u017e l\u00e1ska.<\/p>\n\n\n\n<p class=\"wp-block-paragraph\">Kdy\u017e se do m\u011b Hugo zamiloval, do oby\u010dejn\u00e9 u\u010ditelky z prost\u00e9 rodiny, okam\u017eit\u011b rozhodla, \u017ee pro n\u011bj nejsem dost dobr\u00e1.<\/p>\n\n\n\n<p class=\"wp-block-paragraph\">Po l\u00e9ka\u0159sk\u00fdch vy\u0161et\u0159en\u00edch, kter\u00e1 uk\u00e1zala n\u00edzkou plodnost u Huga a mo\u017en\u00e9 komplikace spojen\u00e9 s m\u00fdm t\u011bhotenstv\u00edm, z t\u011bchto v\u00fdsledk\u016f ud\u011blala rozsudek.<\/p>\n\n\n\n<p class=\"wp-block-paragraph\">\u2014 \u017dena, kter\u00e1 nem\u016f\u017ee d\u00e1t rodin\u011b d\u011bdice, v t\u00e9to rodin\u011b nem\u00e1 m\u00edsto.<\/p>\n\n\n\n<p class=\"wp-block-paragraph\">Pod\u00edvala jsem se na Huga a \u010dekala, \u017ee se m\u011b zastane.<\/p>\n\n\n\n<p class=\"wp-block-paragraph\">On v\u0161ak sklopil o\u010di.<\/p>\n\n\n\n<p class=\"wp-block-paragraph\">A v tu chv\u00edli jsem pochopila, \u017ee je konec.<\/p>\n\n\n\n<p class=\"wp-block-paragraph\">Je\u0161t\u011b t\u00e9 noci jsem ode\u0161la.<\/p>\n\n\n\n<p class=\"wp-block-paragraph\">O dva m\u011bs\u00edce pozd\u011bji jsem zjistila, \u017ee jsem t\u011bhotn\u00e1\u2026 a \u010dek\u00e1m <strong>troj\u010data<\/strong>. \ud83d\ude31<\/p>\n\n\n\n<p class=\"wp-block-paragraph\">Zkou\u0161ela jsem Huga znovu a znovu kontaktovat. Volala jsem mu, psala zpr\u00e1vy, ale nikdy neodpov\u011bd\u011bl.<\/p>\n\n\n\n<p class=\"wp-block-paragraph\">Tehdy mi do\u0161lo, \u017ee m\u011b opustil.<\/p>\n\n\n\n<figure class=\"wp-block-image size-large\"><img loading=\"lazy\" decoding=\"async\" width=\"819\" height=\"1024\" src=\"https:\/\/chexia.info\/wp-content\/uploads\/2026\/09\/sunset_wedding_arrival-819x1024.jpg\" alt=\"\" class=\"wp-image-10218\" srcset=\"https:\/\/chexia.info\/wp-content\/uploads\/2026\/09\/sunset_wedding_arrival-819x1024.jpg 819w, https:\/\/chexia.info\/wp-content\/uploads\/2026\/09\/sunset_wedding_arrival-240x300.jpg 240w, https:\/\/chexia.info\/wp-content\/uploads\/2026\/09\/sunset_wedding_arrival-768x960.jpg 768w, https:\/\/chexia.info\/wp-content\/uploads\/2026\/09\/sunset_wedding_arrival-1229x1536.jpg 1229w, https:\/\/chexia.info\/wp-content\/uploads\/2026\/09\/sunset_wedding_arrival.jpg 1408w\" sizes=\"auto, (max-width: 819px) 100vw, 819px\" \/><\/figure>\n\n\n\n<p class=\"wp-block-paragraph\">Na\u0161la jsem si pr\u00e1ci v jin\u00e9m m\u011bst\u011b a sv\u00e9 d\u011bti jsem vychov\u00e1vala sama \u2014 L\u00e9a, Ines a T\u00e9o.<\/p>\n\n\n\n<p class=\"wp-block-paragraph\">Z\u00e1rove\u0148 jsem za\u010dala budovat mal\u00e9 vzd\u011bl\u00e1vac\u00ed centrum, abych dok\u00e1zala u\u017eivit sebe i sv\u00e9 d\u011bti a dala jim d\u016fstojn\u00fd \u017eivot.<\/p>\n\n\n\n<p class=\"wp-block-paragraph\">Uplynuly \u010dty\u0159i roky.<\/p>\n\n\n\n<p class=\"wp-block-paragraph\">Hugo se mezit\u00edm stal p\u0159esn\u011b takov\u00fdm mu\u017eem, jak\u00e9ho z n\u011bj jeho matka cht\u011bla m\u00edt.<\/p>\n\n\n\n<p class=\"wp-block-paragraph\">\u00dasp\u011b\u0161n\u00fdm, dokonale reprezentativn\u00edm a poslu\u0161n\u00fdm d\u011bdicem rodinn\u00e9ho jm\u00e9na.<\/p>\n\n\n\n<p class=\"wp-block-paragraph\">A pr\u00e1v\u011b se chystal o\u017eenit s \u00c9lise Laurentovou, d\u011bdi\u010dkou bohat\u00e9 rodiny.<\/p>\n\n\n\n<p class=\"wp-block-paragraph\">Pak mi p\u0159i\u0161lo pozv\u00e1n\u00ed na jeho svatbu. \ud83d\ude31<\/p>\n\n\n\n<p class=\"wp-block-paragraph\">Na karti\u010dce st\u00e1lo:<\/p>\n\n\n\n<p class=\"wp-block-paragraph\"><strong>\u201eP\u0159ij\u010f a pochop, o co v\u0161echno jsi p\u0159i\u0161la.\u201c<\/strong><\/p>\n\n\n\n<p class=\"wp-block-paragraph\">M\u00e1lem jsem pozv\u00e1nku vyhodila.<\/p>\n\n\n\n<p class=\"wp-block-paragraph\">Ale potom Ines na\u0161la starou fotografii Huga.<\/p>\n\n\n\n<p class=\"wp-block-paragraph\">Dlouho si ji prohl\u00ed\u017eela a nakonec se m\u011b zeptala:<\/p>\n\n\n\n<p class=\"wp-block-paragraph\">\u2014 Mami, kdo je ten mu\u017e? Pro\u010d vypad\u00e1 tak podobn\u011b jako j\u00e1?<\/p>\n\n\n\n<p class=\"wp-block-paragraph\">V ten den jsem se rozhodla.<\/p>\n\n\n\n<p class=\"wp-block-paragraph\">P\u016fjdu tam.<\/p>\n\n\n\n<p class=\"wp-block-paragraph\">V den svatby jsem vstoupila do s\u00e1lu spole\u010dn\u011b se sv\u00fdmi t\u0159emi d\u011btmi.<\/p>\n\n\n\n<p class=\"wp-block-paragraph\">Kdy\u017e n\u00e1s Hugo uvid\u011bl, \u00fapln\u011b zbledl.<\/p>\n\n\n\n<p class=\"wp-block-paragraph\">Ines na n\u011bj uk\u00e1zala prstem a nevinn\u011b se zeptala:<\/p>\n\n\n\n<p class=\"wp-block-paragraph\">\u2014 Mami\u2026 tohle je n\u00e1\u0161 tat\u00ednek? A dnes si bere jinou \u017eenu?<\/p>\n\n\n\n<p class=\"wp-block-paragraph\">Hugo z\u016fstal jako p\u0159imrazen\u00fd.<\/p>\n\n\n\n<p class=\"wp-block-paragraph\">V s\u00e1le zavl\u00e1dlo naprost\u00e9 ticho.<\/p>\n\n\n\n<p class=\"wp-block-paragraph\">D\u00edval se na Ines, potom na L\u00e9o a nakonec na T\u00e9o.<\/p>\n\n\n\n<p class=\"wp-block-paragraph\">T\u0159i d\u011bti.<\/p>\n\n\n\n<p class=\"wp-block-paragraph\">T\u0159i tv\u00e1\u0159e.<\/p>\n\n\n\n<p class=\"wp-block-paragraph\">A neuv\u011b\u0159iteln\u00e1 podoba, kterou u\u017e nikdo nemohl p\u0159ehl\u00e9dnout.<\/p>\n\n\n\n<p class=\"wp-block-paragraph\">\u2014 Camille\u2026 \u2014 za\u0161eptal. \u2014 Co to znamen\u00e1?<\/p>\n\n\n\n<p class=\"wp-block-paragraph\">Neodpov\u011bd\u011bla jsem.<\/p>\n\n\n\n<p class=\"wp-block-paragraph\">P\u0159ed \u010dty\u0159mi lety jsem p\u0159ed n\u00edm st\u00e1la se slzami v o\u010d\u00edch a prosila ho, aby m\u011b vyslechl.<\/p>\n\n\n\n<p class=\"wp-block-paragraph\">On tehdy ani nezvedl o\u010di.<\/p>\n\n\n\n<p class=\"wp-block-paragraph\">Te\u010f jsem byla na \u0159ad\u011b j\u00e1.<\/p>\n\n\n\n<p class=\"wp-block-paragraph\">\u2014 Ty s\u00e1m jsi mi \u0159ekl, \u017ee nebude\u0161 m\u00edt d\u011bti, \u2014 \u0159ekla jsem klidn\u011b. \u2014 A tvoje matka mi \u0159ekla, \u017ee \u017eena bez d\u011bdice nem\u00e1 v rodin\u011b Monclerov\u00fdch m\u00edsto.<\/p>\n\n\n\n<p class=\"wp-block-paragraph\">Hugo zbledl je\u0161t\u011b v\u00edc.<\/p>\n\n\n\n<p class=\"wp-block-paragraph\">\u2014 Ty jsi byla t\u011bhotn\u00e1?<\/p>\n\n\n\n<p class=\"wp-block-paragraph\">\u2014 Zjistila jsem to dva m\u011bs\u00edce pot\u00e9, co jsem ode\u0161la.<\/p>\n\n\n\n<p class=\"wp-block-paragraph\">\u2014 Pro\u010d jsi mi to ne\u0159ekla?<\/p>\n\n\n\n<p class=\"wp-block-paragraph\">Ho\u0159ce jsem se usm\u00e1la.<\/p>\n\n\n\n<p class=\"wp-block-paragraph\">\u2014 \u0158ekla.<\/p>\n\n\n\n<p class=\"wp-block-paragraph\">V s\u00e1le se ozvalo \u0161ept\u00e1n\u00ed.<\/p>\n\n\n\n<p class=\"wp-block-paragraph\">\u2014 Volala jsem ti. Psala jsem ti. Dokonce jsem p\u0159ijela k va\u0161emu domu. Ale tvoje \u010d\u00edslo bylo zablokovan\u00e9. \u0158ekli mi, \u017ee u\u017e m\u011b nechce\u0161 nikdy vid\u011bt.<\/p>\n\n\n\n<p class=\"wp-block-paragraph\">Hugo se pomalu oto\u010dil ke sv\u00e9 matce.<\/p>\n\n\n\n<p class=\"wp-block-paragraph\">\u2014 Mami\u2026 co jsi ud\u011blala?<\/p>\n\n\n\n<p class=\"wp-block-paragraph\">Emma de Monclerov\u00e1 poprv\u00e9 po mnoha letech vypadala bezradn\u011b.<\/p>\n\n\n\n<p class=\"wp-block-paragraph\">\u2014 Cht\u011bla jsem t\u011b chr\u00e1nit, \u2014 za\u0161eptala.<\/p>\n\n\n\n<p class=\"wp-block-paragraph\">\u2014 P\u0159ede mnou?<\/p>\n\n\n\n<p class=\"wp-block-paragraph\">\u2014 P\u0159ed \u017eenou, kter\u00e1 ti nemohla d\u00e1t d\u011bti!<\/p>\n\n\n\n<p class=\"wp-block-paragraph\">Pod\u00edvala jsem se na ni.<\/p>\n\n\n\n<p class=\"wp-block-paragraph\">\u2014 M\u00fdlila jste se.<\/p>\n\n\n\n<p class=\"wp-block-paragraph\">Emma zmlkla.<\/p>\n\n\n\n<p class=\"wp-block-paragraph\">Vzala jsem Ines za ruku.<\/p>\n\n\n\n<p class=\"wp-block-paragraph\">\u2014 Tyhle d\u011bti jsem nikdy nepou\u017eila jako zp\u016fsob, jak z\u00edskat Huga zp\u00e1tky. Vychovala jsem je sama. P\u0159es den jsem pracovala, ve\u010der u\u010dila a v noci opravovala pr\u00e1ce a p\u0159ipravovala hodiny. Nikdy jsem od n\u011bj ne\u010dekala pen\u00edze ani pomoc.<\/p>\n\n\n\n<p class=\"wp-block-paragraph\">Hugo sklopil hlavu.<\/p>\n\n\n\n<p class=\"wp-block-paragraph\">\u2014 Camille\u2026 j\u00e1 jsem nic nev\u011bd\u011bl.<\/p>\n\n\n\n<p class=\"wp-block-paragraph\">\u2014 Te\u010f u\u017e v\u00ed\u0161.<\/p>\n\n\n\n<p class=\"wp-block-paragraph\">Vtom m\u011b mal\u00fd T\u00e9o zatahal za \u0161aty.<\/p>\n\n\n\n<p class=\"wp-block-paragraph\">\u2014 Mami, m\u016f\u017eeme odej\u00edt? Mn\u011b se tady nel\u00edb\u00ed.<\/p>\n\n\n\n<p class=\"wp-block-paragraph\">Hugo to usly\u0161el.<\/p>\n\n\n\n<p class=\"wp-block-paragraph\">Najednou si p\u0159ed n\u00edm klekl.<\/p>\n\n\n\n<p class=\"wp-block-paragraph\">N\u011bkolik vte\u0159in se na chlapce jen d\u00edval, jako by se b\u00e1l se ho v\u016fbec dotknout.<\/p>\n\n\n\n<p class=\"wp-block-paragraph\">\u2014 Jak se jmenuje\u0161?<\/p>\n\n\n\n<p class=\"wp-block-paragraph\">\u2014 T\u00e9o.<\/p>\n\n\n\n<p class=\"wp-block-paragraph\">Hugo polkl.<\/p>\n\n\n\n<p class=\"wp-block-paragraph\">\u2014 A j\u00e1 jsem\u2026<\/p>\n\n\n\n<p class=\"wp-block-paragraph\">T\u00e9o se zamra\u010dil.<\/p>\n\n\n\n<p class=\"wp-block-paragraph\">\u2014 J\u00e1 v\u00edm, kdo jsi.<\/p>\n\n\n\n<p class=\"wp-block-paragraph\">Hugo ztuhl.<\/p>\n\n\n\n<p class=\"wp-block-paragraph\">\u2014 Odkud?<\/p>\n\n\n\n<p class=\"wp-block-paragraph\">\u2014 Jsi na star\u00e9 fotografii. Maminka se na ni n\u011bkdy d\u00edvala.<\/p>\n\n\n\n<p class=\"wp-block-paragraph\">Ta slova ho \u00fapln\u011b zlomila.<\/p>\n\n\n\n<p class=\"wp-block-paragraph\">Odvr\u00e1til se a n\u011bkolikr\u00e1t si p\u0159ejel rukou po tv\u00e1\u0159i.<\/p>\n\n\n\n<p class=\"wp-block-paragraph\">Pak k n\u011bmu p\u0159istoupila \u00c9lise.<\/p>\n\n\n\n<p class=\"wp-block-paragraph\">\u017dena, kter\u00e1 si ho m\u011bla pr\u00e1v\u011b dnes vz\u00edt.<\/p>\n\n\n\n<p class=\"wp-block-paragraph\">Sundala si z\u00e1snubn\u00ed prsten a polo\u017eila mu ho do dlan\u011b.<\/p>\n\n\n\n<p class=\"wp-block-paragraph\">\u2014 Nevezmu si mu\u017ee, kter\u00fd pr\u00e1v\u011b zjistil, \u017ee m\u00e1 t\u0159i d\u011bti.<\/p>\n\n\n\n<p class=\"wp-block-paragraph\">Hugo se na ni pod\u00edval.<\/p>\n\n\n\n<p class=\"wp-block-paragraph\">\u2014 \u00c9lise\u2026<\/p>\n\n\n\n<p class=\"wp-block-paragraph\">\u2014 Ne. Nejd\u0159\u00edv si mus\u00ed\u0161 vy\u0159e\u0161it svou minulost. A potom se rozhodnout, jak\u00fdm mu\u017eem chce\u0161 b\u00fdt.<\/p>\n\n\n\n<p class=\"wp-block-paragraph\">Oto\u010dila se a ode\u0161la ze s\u00e1lu.<\/p>\n\n\n\n<p class=\"wp-block-paragraph\">Host\u00e9 si mezi sebou za\u010dali \u0161eptat. N\u011bkte\u0159\u00ed vyt\u00e1hli telefony.<\/p>\n\n\n\n<p class=\"wp-block-paragraph\">A potom ke mn\u011b ne\u010dekan\u011b p\u0159istoupila Emma.<\/p>\n\n\n\n<p class=\"wp-block-paragraph\">P\u0159ipravila jsem se na dal\u0161\u00ed ur\u00e1\u017eku.<\/p>\n\n\n\n<p class=\"wp-block-paragraph\">M\u00edsto toho se v\u0161ak zeptala:<\/p>\n\n\n\n<p class=\"wp-block-paragraph\">\u2014 Mohla bych si promluvit s d\u011btmi?<\/p>\n\n\n\n<p class=\"wp-block-paragraph\">Chladn\u011b jsem se na ni pod\u00edvala.<\/p>\n\n\n\n<p class=\"wp-block-paragraph\">\u2014 Pro\u010d?<\/p>\n\n\n\n<p class=\"wp-block-paragraph\">Poprv\u00e9 v \u017eivot\u011b nem\u011bla odpov\u011b\u010f.<\/p>\n\n\n\n<p class=\"wp-block-paragraph\">\u2014 Proto\u017ee p\u0159ed \u010dty\u0159mi lety jsem je p\u0159ipravila o mo\u017enost poznat sv\u00e9ho otce.<\/p>\n\n\n\n<p class=\"wp-block-paragraph\">Ml\u010dela jsem.<\/p>\n\n\n\n<p class=\"wp-block-paragraph\">Emma se rozplakala.<\/p>\n\n\n\n<p class=\"wp-block-paragraph\">\u2014 Myslela jsem si, \u017ee chr\u00e1n\u00edm jm\u00e9no Monclerov\u00fdch. Te\u010f ale ch\u00e1pu, \u017ee kv\u016fli tomu jm\u00e9nu m\u016fj syn p\u0159i\u0161el o \u010dty\u0159i roky \u017eivota sv\u00fdch d\u011bt\u00ed.<\/p>\n\n\n\n<p class=\"wp-block-paragraph\">Nev\u011bd\u011bla jsem, co \u0159\u00edct.<\/p>\n\n\n\n<p class=\"wp-block-paragraph\">Proto\u017ee odpustit neznamen\u00e1 zapomenout.<\/p>\n\n\n\n<p class=\"wp-block-paragraph\">Mo\u017en\u00e1 bych j\u00ed jednou dok\u00e1zala odpustit.<\/p>\n\n\n\n<p class=\"wp-block-paragraph\">Ale nedok\u00e1zala jsem sv\u00fdm d\u011btem vr\u00e1tit \u010dty\u0159i roky, kter\u00e9 pro\u017eily bez sv\u00e9ho otce.<\/p>\n\n\n\n<p class=\"wp-block-paragraph\">Hugo ke mn\u011b p\u0159istoupil.<\/p>\n\n\n\n<p class=\"wp-block-paragraph\">\u2014 Ne\u017e\u00e1d\u00e1m t\u011b, abys se ke mn\u011b vr\u00e1tila, \u2014 \u0159ekl. \u2014 Nem\u00e1m ani pr\u00e1vo o to po\u017e\u00e1dat.<\/p>\n\n\n\n<p class=\"wp-block-paragraph\">Pod\u00edvala jsem se mu p\u0159\u00edmo do o\u010d\u00ed.<\/p>\n\n\n\n<p class=\"wp-block-paragraph\">\u2014 Tak co chce\u0161?<\/p>\n\n\n\n<p class=\"wp-block-paragraph\">Pod\u00edval se na d\u011bti.<\/p>\n\n\n\n<p class=\"wp-block-paragraph\">\u2014 Chci poznat sv\u00e9 d\u011bti. Pokud mi to dovol\u00ed\u0161.<\/p>\n\n\n\n<p class=\"wp-block-paragraph\">Dlouho jsem ml\u010dela.<\/p>\n\n\n\n<p class=\"wp-block-paragraph\">Pak jsem odpov\u011bd\u011bla:<\/p>\n\n\n\n<p class=\"wp-block-paragraph\">\u2014 To nez\u00e1le\u017e\u00ed na mn\u011b.<\/p>\n\n\n\n<p class=\"wp-block-paragraph\">P\u0159ekvapen\u011b se na m\u011b pod\u00edval.<\/p>\n\n\n\n<p class=\"wp-block-paragraph\">Uk\u00e1zala jsem na L\u00e9u, Ines a T\u00e9ho.<\/p>\n\n\n\n<p class=\"wp-block-paragraph\">\u2014 Z\u00e1le\u017e\u00ed to na nich.<\/p>\n\n\n\n<p class=\"wp-block-paragraph\">Ines se na Huga dlouho d\u00edvala.<\/p>\n\n\n\n<p class=\"wp-block-paragraph\">Potom ud\u011blala mal\u00fd krok vp\u0159ed.<\/p>\n\n\n\n<p class=\"wp-block-paragraph\">\u2014 Jestli jsi opravdu n\u00e1\u0161 tat\u00ednek\u2026 pro\u010d jsi n\u00e1s tak dlouho nehledal?<\/p>\n\n\n\n<p class=\"wp-block-paragraph\">Hugo zav\u0159el o\u010di.<\/p>\n\n\n\n<p class=\"wp-block-paragraph\">A poprv\u00e9 za v\u0161echny ty roky nem\u011bl \u017e\u00e1dnou kr\u00e1snou odpov\u011b\u010f.<\/p>\n\n\n\n<p class=\"wp-block-paragraph\">Jen pravdu.<\/p>\n\n\n\n<p class=\"wp-block-paragraph\">\u2014 Proto\u017ee jsem byl zbab\u011blec.<\/p>\n\n\n\n<p class=\"wp-block-paragraph\">Ines k n\u011bmu pomalu nat\u00e1hla ruku.<\/p>\n\n\n\n<p class=\"wp-block-paragraph\">A poprv\u00e9 se ho dotkla.<\/p>\n\n\n\n<p class=\"wp-block-paragraph\">Ne jako sv\u00e9ho otce.<\/p>\n\n\n\n<p class=\"wp-block-paragraph\">Je\u0161t\u011b ne.<\/p>\n\n\n\n<p class=\"wp-block-paragraph\">Sp\u00ed\u0161 jako ciz\u00edho \u010dlov\u011bka, kter\u00e9mu se rozhodla d\u00e1t jednu jedinou \u0161anci.<\/p>\n\n\n\n<p class=\"wp-block-paragraph\">A j\u00e1 si v tu chv\u00edli uv\u011bdomila jednu v\u011bc:<\/p>\n\n\n\n<p class=\"wp-block-paragraph\">N\u011bkdy n\u00e1m \u017eivot nevr\u00e1t\u00ed minulost.<\/p>\n\n\n\n<p class=\"wp-block-paragraph\">M\u00edsto toho n\u00e1m d\u00e1 mo\u017enost vytvo\u0159it novou budoucnost \u2014 tentokr\u00e1t s lidmi, kte\u0159\u00ed si druhou \u0161anci opravdu zaslou\u017e\u00ed. \u2764\ufe0f<\/p>\n\n\n\n<p class=\"wp-block-paragraph\"><\/p>\n","protected":false},"excerpt":{"rendered":"Jmenuji se Camille Durandov\u00e1 a nikdy by m\u011b nenapadlo, \u017ee jednoho dne dostanu pozv\u00e1n\u00ed od \u017eeny, kter\u00e1 m\u011b kdysi \u00fapln\u011b zni\u010dila. Emma de \n<a class=\"moretag\" href=\"https:\/\/chexia.info\/?p=10217\"> [...]<\/a>","protected":false},"author":1,"featured_media":10219,"comment_status":"open","ping_status":"open","sticky":false,"template":"","format":"standard","meta":{"footnotes":""},"categories":[1],"tags":[],"class_list":["post-10217","post","type-post","status-publish","format-standard","has-post-thumbnail","hentry","category-1"],"_links":{"self":[{"href":"https:\/\/chexia.info\/index.php?rest_route=\/wp\/v2\/posts\/10217","targetHints":{"allow":["GET"]}}],"collection":[{"href":"https:\/\/chexia.info\/index.php?rest_route=\/wp\/v2\/posts"}],"about":[{"href":"https:\/\/chexia.info\/index.php?rest_route=\/wp\/v2\/types\/post"}],"author":[{"embeddable":true,"href":"https:\/\/chexia.info\/index.php?rest_route=\/wp\/v2\/users\/1"}],"replies":[{"embeddable":true,"href":"https:\/\/chexia.info\/index.php?rest_route=%2Fwp%2Fv2%2Fcomments&post=10217"}],"version-history":[{"count":1,"href":"https:\/\/chexia.info\/index.php?rest_route=\/wp\/v2\/posts\/10217\/revisions"}],"predecessor-version":[{"id":10220,"href":"https:\/\/chexia.info\/index.php?rest_route=\/wp\/v2\/posts\/10217\/revisions\/10220"}],"wp:featuredmedia":[{"embeddable":true,"href":"https:\/\/chexia.info\/index.php?rest_route=\/wp\/v2\/media\/10219"}],"wp:attachment":[{"href":"https:\/\/chexia.info\/index.php?rest_route=%2Fwp%2Fv2%2Fmedia&parent=10217"}],"wp:term":[{"taxonomy":"category","embeddable":true,"href":"https:\/\/chexia.info\/index.php?rest_route=%2Fwp%2Fv2%2Fcategories&post=10217"},{"taxonomy":"post_tag","embeddable":true,"href":"https:\/\/chexia.info\/index.php?rest_route=%2Fwp%2Fv2%2Ftags&post=10217"}],"curies":[{"name":"wp","href":"https:\/\/api.w.org\/{rel}","templated":true}]}}