{"id":10256,"date":"2026-09-06T19:56:47","date_gmt":"2026-09-06T16:56:47","guid":{"rendered":"https:\/\/chexia.info\/?p=10256"},"modified":"2026-09-06T19:56:47","modified_gmt":"2026-09-06T16:56:47","slug":"moje-zena-odjela-s-nasim-synem-a-dcerou-na-vylet-a-uz-se-nikdy-nevratili-o-40-let-pozdeji-jsem-nasel-krabici-ukrytou-v-matraci-sve-dcery-a-ztuhl-mi-z-toho-krev-v-zilach","status":"publish","type":"post","link":"https:\/\/chexia.info\/?p=10256","title":{"rendered":"MOJE \u017dENA ODJELA S NA\u0160\u00cdM SYNEM A DCEROU NA V\u00ddLET A U\u017d SE NIKDY NEVR\u00c1TILI \u2014 O 40 LET POZD\u011aJI JSEM NA\u0160EL KRABICI UKRYTOU V MATRACI SV\u00c9 DCERY A ZTUHL MI Z TOHO KREV V \u017dIL\u00c1CH."},"content":{"rendered":"\n<p class=\"wp-block-paragraph\">Moje \u017eena Clara vzala na\u0161i dceru a syna na kr\u00e1tk\u00fd v\u00fdlet za svou sestrou, kter\u00e1 bydlela u oce\u00e1nu. J\u00e1 jsem tehdy m\u011bl tolik pr\u00e1ce, \u017ee jsem byl \u00fapln\u011b vy\u010derpan\u00fd, a tak odjeli beze m\u011b.<\/p>\n\n\n\n<p class=\"wp-block-paragraph\">Pak mi ale zavolala Clari\u00adna sestra Gwen a \u0159ekla mi, \u017ee k n\u00ed v\u016fbec nedorazili.<\/p>\n\n\n\n<p class=\"wp-block-paragraph\">Kdy\u017e po nich policie za\u010dala p\u00e1trat, na\u0161li jen jejich pr\u00e1zdn\u00e9 auto na most\u011b p\u0159es \u0159eku.<\/p>\n\n\n\n<p class=\"wp-block-paragraph\">P\u00e1tr\u00e1n\u00ed pokra\u010dovalo cel\u00e9 roky. Pot\u00e1p\u011b\u010di znovu a znovu prohled\u00e1vali \u0159eku.<\/p>\n\n\n\n<p class=\"wp-block-paragraph\">Policie m\u011bla nespo\u010det teori\u00ed, ale za nejpravd\u011bpodobn\u011bj\u0161\u00ed pova\u017eovala tu, \u017ee auto na most\u011b dostalo smyk, narazilo do z\u00e1bradl\u00ed a p\u0159i n\u00e1razu byli v\u0161ichni t\u0159i vymr\u0161t\u011bni do vody, kde je odnesl siln\u00fd proud.<\/p>\n\n\n\n<p class=\"wp-block-paragraph\">O dva roky pozd\u011bji je policie ofici\u00e1ln\u011b prohl\u00e1sila za <strong>MRTV\u00c9<\/strong>.<\/p>\n\n\n\n<p class=\"wp-block-paragraph\">Od t\u00e9 chv\u00edle jsem u\u017e jen p\u0159e\u017e\u00edval.<\/p>\n\n\n\n<p class=\"wp-block-paragraph\">Ka\u017ed\u00fd den jsem se vracel z pr\u00e1ce do pr\u00e1zdn\u00e9ho domu.<\/p>\n\n\n\n<p class=\"wp-block-paragraph\">Nikdy jsem se nedotkl pokoje sv\u00e9ho syna ani dcery.<\/p>\n\n\n\n<p class=\"wp-block-paragraph\">Bylo to, jako bych n\u011bkde hluboko uvnit\u0159 st\u00e1le v\u011b\u0159il, \u017ee se jednoho dne vr\u00e1t\u00ed.<\/p>\n\n\n\n<p class=\"wp-block-paragraph\">Uplynulo \u010dty\u0159icet let a moje srdce st\u00e1le bolelo.<\/p>\n\n\n\n<p class=\"wp-block-paragraph\">Pak mi jednoho dne l\u00e9ka\u0159 \u0159ekl, \u017ee kv\u016fli m\u00e9mu zdravotn\u00edmu stavu u\u017e nemohu \u017e\u00edt s\u00e1m a pot\u0159ebuji n\u011bkoho, kdo se o m\u011b bude starat.<\/p>\n\n\n\n<p class=\"wp-block-paragraph\">M\u016fj synovec proto navrhl, abychom d\u016fm prodali a j\u00e1 se nast\u011bhoval k jeho rodin\u011b.<\/p>\n\n\n\n<p class=\"wp-block-paragraph\">To znamenalo, \u017ee jsem kone\u010dn\u011b nem\u011bl jinou mo\u017enost ne\u017e za\u010d\u00edt balit v\u011bci sv\u00e9 \u017eeny, dcery a syna.<\/p>\n\n\n\n<p class=\"wp-block-paragraph\">Kdy\u017e jsem t\u0159\u00eddil v\u011bci v pokoji sv\u00e9 dcery, byl jsem tak unaven\u00fd, \u017ee jsem si sedl na jej\u00ed postel.<\/p>\n\n\n\n<p class=\"wp-block-paragraph\">Vtom se ozvalo hlasit\u00e9 <strong>PRASKNUT\u00cd<\/strong>.<\/p>\n\n\n\n<p class=\"wp-block-paragraph\">Polo\u017eil jsem ruku na matraci a nahmatal n\u011bco <strong>PEVN\u00c9HO<\/strong>.<\/p>\n\n\n\n<p class=\"wp-block-paragraph\">Oto\u010dil jsem matraci a v\u0161iml si nahrubo za\u0161it\u00e9ho otvoru.<\/p>\n\n\n\n<p class=\"wp-block-paragraph\">Popadl jsem n\u016f\u017eky, rozst\u0159ihl \u0161ev a vyt\u00e1hl <strong>KRABICI<\/strong>, kter\u00e1 byla ukryt\u00e1 uvnit\u0159 matrace.<\/p>\n\n\n\n<p class=\"wp-block-paragraph\">Otev\u0159el jsem ji.<\/p>\n\n\n\n<figure class=\"wp-block-image size-large\"><img loading=\"lazy\" decoding=\"async\" width=\"819\" height=\"1024\" src=\"https:\/\/chexia.info\/wp-content\/uploads\/2026\/09\/red_polo_family_portrait-819x1024.jpg\" alt=\"\" class=\"wp-image-10257\" srcset=\"https:\/\/chexia.info\/wp-content\/uploads\/2026\/09\/red_polo_family_portrait-819x1024.jpg 819w, https:\/\/chexia.info\/wp-content\/uploads\/2026\/09\/red_polo_family_portrait-240x300.jpg 240w, https:\/\/chexia.info\/wp-content\/uploads\/2026\/09\/red_polo_family_portrait-768x960.jpg 768w, https:\/\/chexia.info\/wp-content\/uploads\/2026\/09\/red_polo_family_portrait-1229x1536.jpg 1229w, https:\/\/chexia.info\/wp-content\/uploads\/2026\/09\/red_polo_family_portrait.jpg 1408w\" sizes=\"auto, (max-width: 819px) 100vw, 819px\" \/><\/figure>\n\n\n\n<p class=\"wp-block-paragraph\">Uvnit\u0159 byl ru\u010dn\u011b psan\u00fd <strong>DOPIS<\/strong>.<\/p>\n\n\n\n<p class=\"wp-block-paragraph\">Poznal jsem Clari\u00adn rukopis.<\/p>\n\n\n\n<p class=\"wp-block-paragraph\">Zatajil se mi dech, jakmile jsem p\u0159e\u010detl prvn\u00ed \u0159\u00e1dek:<\/p>\n\n\n\n<p class=\"wp-block-paragraph\">\u201eAndrewe, jestli tohle \u010dte\u0161, znamen\u00e1 to, \u017ee se mi n\u011bco stalo. Pros\u00edm, p\u0159e\u010dti si to a\u017e do konce a bu\u010f VELMI OPATRN\u00dd. Gwen nev\u011b\u0159. Je n\u011bco, co jsi nikdy nev\u011bd\u011bl.\u201c<\/p>\n\n\n\n<p class=\"wp-block-paragraph\">Prvn\u00ed \u0159\u00e1dek jsem si p\u0159e\u010detl t\u0159ikr\u00e1t.<\/p>\n\n\n\n<p class=\"wp-block-paragraph\">\u201eAndrewe, jestli tohle \u010dte\u0161, znamen\u00e1 to, \u017ee se mi n\u011bco stalo. Pros\u00edm, p\u0159e\u010dti si to a\u017e do konce a bu\u010f VELMI OPATRN\u00dd. Gwen nev\u011b\u0159. Je n\u011bco, co jsi nikdy nev\u011bd\u011bl.\u201c<\/p>\n\n\n\n<p class=\"wp-block-paragraph\">Za\u010daly se mi t\u0159\u00e1st ruce.<\/p>\n\n\n\n<p class=\"wp-block-paragraph\">Gwen.<\/p>\n\n\n\n<p class=\"wp-block-paragraph\">\u010cty\u0159icet let jsem oplak\u00e1val svou \u017eenu, dceru a syna.<\/p>\n\n\n\n<p class=\"wp-block-paragraph\">\u010cty\u0159icet let jsem v\u011b\u0159il, \u017ee Gwen byla posledn\u00edm \u010dlov\u011bkem, kter\u00fd mohl v\u011bd\u011bt, kam zmizeli.<\/p>\n\n\n\n<p class=\"wp-block-paragraph\">A te\u010f m\u011b moje mrtv\u00e1 \u017eena varovala, abych j\u00ed nev\u011b\u0159il.<\/p>\n\n\n\n<p class=\"wp-block-paragraph\">Znovu jsem se pod\u00edval na dopis.<\/p>\n\n\n\n<p class=\"wp-block-paragraph\">Pod prvn\u00ed v\u011btou bylo n\u011bkolik dal\u0161\u00edch \u0159\u00e1dk\u016f.<\/p>\n\n\n\n<p class=\"wp-block-paragraph\">\u201eNev\u00edm, kolik \u010dasu mi zb\u00fdv\u00e1. Pokud se nevr\u00e1t\u00edm, nev\u011b\u0159 tomu, co ti \u0159eknou o na\u0161\u00ed cest\u011b. <strong>NEM\u011aLI JSME \u017d\u00c1DNOU NEHODU.<\/strong>\u201c<\/p>\n\n\n\n<p class=\"wp-block-paragraph\">Po z\u00e1dech mi p\u0159eb\u011bhl mr\u00e1z.<\/p>\n\n\n\n<p class=\"wp-block-paragraph\">\u017d\u00e1dn\u00e1 nehoda?<\/p>\n\n\n\n<p class=\"wp-block-paragraph\">Tak pro\u010d na\u0161li jejich auto na most\u011b?<\/p>\n\n\n\n<p class=\"wp-block-paragraph\">Pokra\u010doval jsem ve \u010dten\u00ed.<\/p>\n\n\n\n<p class=\"wp-block-paragraph\">\u201eAndrewe, m\u011bla jsem ti v\u0161echno \u0159\u00edct u\u017e d\u00e1vno. Ale b\u00e1la jsem se, \u017ee t\u00edm ohroz\u00edm d\u011bti. Posledn\u00edch n\u011bkolik m\u011bs\u00edc\u016f se Gwen chovala podivn\u011b. \u0158\u00edkala v\u011bci, kter\u00e9 jsem nedok\u00e1zala vysv\u011btlit. V\u011bd\u011bla o na\u0161ich pen\u011bz\u00edch. V\u011bd\u011bla o poji\u0161t\u011bn\u00ed. Dokonce v\u011bd\u011bla i v\u011bci, kter\u00e9 jsem j\u00ed nikdy ne\u0159ekla.\u201c<\/p>\n\n\n\n<p class=\"wp-block-paragraph\">Ztuhl jsem.<\/p>\n\n\n\n<p class=\"wp-block-paragraph\">Poji\u0161t\u011bn\u00ed.<\/p>\n\n\n\n<p class=\"wp-block-paragraph\">T\u00e9m\u011b\u0159 jsem na n\u011bj zapomn\u011bl.<\/p>\n\n\n\n<p class=\"wp-block-paragraph\">Po Clarin\u011b zmizen\u00ed se m\u011b policie skute\u010dn\u011b ptala na pojistnou smlouvu. Tehdy jsem se poprv\u00e9 dozv\u011bd\u011bl, \u017ee na m\u011b a d\u011bti byly sjedn\u00e1ny ur\u010dit\u00e9 pojistn\u00e9 \u010d\u00e1stky.<\/p>\n\n\n\n<p class=\"wp-block-paragraph\">Ale nikdy jsem z nich \u017e\u00e1dn\u00e9 pen\u00edze nedostal.<\/p>\n\n\n\n<p class=\"wp-block-paragraph\">V\u017edycky jsem si myslel, \u017ee to bylo proto, \u017ee byli prohl\u00e1\u0161eni za mrtv\u00e9, ani\u017e by se na\u0161la jejich t\u011bla.<\/p>\n\n\n\n<p class=\"wp-block-paragraph\">Oto\u010dil jsem str\u00e1nku.<\/p>\n\n\n\n<p class=\"wp-block-paragraph\">Bylo tam naps\u00e1no:<\/p>\n\n\n\n<p class=\"wp-block-paragraph\">\u201eJestli se mi n\u011bco stane, zkontroluj bankovn\u00ed schr\u00e1nku. \u010c\u00edslo 214. Kl\u00ed\u010d je na m\u00edst\u011b, kter\u00e9 by Andrewa nikdy nenapadlo hledat.\u201c<\/p>\n\n\n\n<p class=\"wp-block-paragraph\">Pod t\u00edm st\u00e1lo:<\/p>\n\n\n\n<p class=\"wp-block-paragraph\">\u201eA je\u0161t\u011b n\u011bco. Na\u0161e dcera zn\u00e1 pravdu.\u201c<\/p>\n\n\n\n<p class=\"wp-block-paragraph\">P\u0159estal jsem d\u00fdchat.<\/p>\n\n\n\n<p class=\"wp-block-paragraph\">Na\u0161e dcera?<\/p>\n\n\n\n<p class=\"wp-block-paragraph\">Bylo j\u00ed teprve deset let.<\/p>\n\n\n\n<p class=\"wp-block-paragraph\">Co mohla v\u011bd\u011bt?<\/p>\n\n\n\n<p class=\"wp-block-paragraph\">P\u0159e\u010detl jsem si tu v\u011btu znovu.<\/p>\n\n\n\n<p class=\"wp-block-paragraph\">A potom je\u0161t\u011b jednou.<\/p>\n\n\n\n<p class=\"wp-block-paragraph\">A tehdy jsem si v\u0161iml mal\u00e9 pozn\u00e1mky \u00fapln\u011b dole na str\u00e1nce.<\/p>\n\n\n\n<p class=\"wp-block-paragraph\">Rukopis u\u017e nebyl tak \u00fahledn\u00fd.<\/p>\n\n\n\n<p class=\"wp-block-paragraph\">Jako by Clara psala ve sp\u011bchu.<\/p>\n\n\n\n<p class=\"wp-block-paragraph\">\u201eSl\u00edbila mi, \u017ee to nikdy nikomu ne\u0159ekne. Dokonce ani tob\u011b. V\u00edm, \u017ee je to hrozn\u00e9, ale takhle to bylo bezpe\u010dn\u011bj\u0161\u00ed.\u201c<\/p>\n\n\n\n<p class=\"wp-block-paragraph\">St\u00e1hlo se mi hrdlo.<\/p>\n\n\n\n<p class=\"wp-block-paragraph\">Pod\u00edval jsem se na postel.<\/p>\n\n\n\n<p class=\"wp-block-paragraph\">Pr\u00e1v\u011b uvnit\u0159 matrace m\u00e9 \u017eeny byla ukryt\u00e1 tahle krabice.<\/p>\n\n\n\n<p class=\"wp-block-paragraph\">Tak\u017ee se Clara p\u0159edem p\u0159ipravovala na mo\u017enost, \u017ee se u\u017e nevr\u00e1t\u00ed.<\/p>\n\n\n\n<p class=\"wp-block-paragraph\">Ale pro\u010d ji ukryla pr\u00e1v\u011b v pokoji na\u0161\u00ed dcery?<\/p>\n\n\n\n<p class=\"wp-block-paragraph\">Pokra\u010doval jsem v hled\u00e1n\u00ed.<\/p>\n\n\n\n<p class=\"wp-block-paragraph\">Na dn\u011b krabice le\u017eela mal\u00e1 ob\u00e1lka.<\/p>\n\n\n\n<p class=\"wp-block-paragraph\">Byla na n\u00ed naps\u00e1na jen dv\u011b slova:<\/p>\n\n\n\n<p class=\"wp-block-paragraph\"><strong>\u201ePRO ANDREWA\u201c<\/strong><\/p>\n\n\n\n<p class=\"wp-block-paragraph\">Uvnit\u0159 byl star\u00fd kl\u00ed\u010d.<\/p>\n\n\n\n<p class=\"wp-block-paragraph\">A fotografie.<\/p>\n\n\n\n<p class=\"wp-block-paragraph\">Claru jsem poznal okam\u017eit\u011b.<\/p>\n\n\n\n<p class=\"wp-block-paragraph\">St\u00e1la p\u0159ed n\u011bjak\u00fdm domem, kter\u00fd jsem nikdy p\u0159edt\u00edm nevid\u011bl.<\/p>\n\n\n\n<p class=\"wp-block-paragraph\">Vedle n\u00ed byly na\u0161e d\u011bti.<\/p>\n\n\n\n<p class=\"wp-block-paragraph\">Na fotografii v\u0161ak bylo n\u011bco zvl\u00e1\u0161tn\u00edho.<\/p>\n\n\n\n<p class=\"wp-block-paragraph\">V pozad\u00ed st\u00e1lo auto.<\/p>\n\n\n\n<p class=\"wp-block-paragraph\"><strong>To sam\u00e9 auto, kter\u00e9 p\u0159ed \u010dty\u0159iceti lety na\u0161li na most\u011b.<\/strong><\/p>\n\n\n\n<p class=\"wp-block-paragraph\">Uc\u00edt\u00edl jsem, jak mi krev miz\u00ed z tv\u00e1\u0159e.<\/p>\n\n\n\n<p class=\"wp-block-paragraph\">Oto\u010dil jsem fotografii.<\/p>\n\n\n\n<p class=\"wp-block-paragraph\">Na zadn\u00ed stran\u011b Clara napsala datum.<\/p>\n\n\n\n<p class=\"wp-block-paragraph\">Fotografie byla po\u0159\u00edzena <strong>t\u0159i dny p\u0159ed jejich zmizen\u00edm<\/strong>.<\/p>\n\n\n\n<p class=\"wp-block-paragraph\">A pod datem byla jedin\u00e1 v\u011bta:<\/p>\n\n\n\n<p class=\"wp-block-paragraph\">\u201eAndrewe, jestli se n\u011bkdy dostane\u0161 k t\u00e9to fotografii, znamen\u00e1 to, \u017ee n\u00e1s p\u0159ece jen na\u0161li.\u201c<\/p>\n\n\n\n<p class=\"wp-block-paragraph\">Vysko\u010dil jsem z postele.<\/p>\n\n\n\n<p class=\"wp-block-paragraph\">Vtom zazvonil m\u016fj telefon.<\/p>\n\n\n\n<p class=\"wp-block-paragraph\">Volal m\u016fj synovec.<\/p>\n\n\n\n<p class=\"wp-block-paragraph\">Zvedl jsem ho rozt\u0159esen\u00fdm hlasem.<\/p>\n\n\n\n<p class=\"wp-block-paragraph\">\u201eU\u017e jsi skon\u010dil s balen\u00edm?\u201c<\/p>\n\n\n\n<p class=\"wp-block-paragraph\">Pod\u00edval jsem se na fotografii.<\/p>\n\n\n\n<p class=\"wp-block-paragraph\">\u201eNe,\u201c odpov\u011bd\u011bl jsem. \u201eMus\u00edm n\u011bkam zajet.\u201c<\/p>\n\n\n\n<p class=\"wp-block-paragraph\">\u201eKam?\u201c<\/p>\n\n\n\n<p class=\"wp-block-paragraph\">Sev\u0159el jsem kl\u00ed\u010d v dlani.<\/p>\n\n\n\n<p class=\"wp-block-paragraph\">\u201eDo banky.\u201c<\/p>\n\n\n\n<p class=\"wp-block-paragraph\">Na druh\u00e9m konci se rozhostilo ticho.<\/p>\n\n\n\n<p class=\"wp-block-paragraph\">P\u0159\u00edli\u0161 dlouh\u00e9 ticho.<\/p>\n\n\n\n<p class=\"wp-block-paragraph\">\u201eDo kter\u00e9 banky?\u201c zeptal se nakonec.<\/p>\n\n\n\n<p class=\"wp-block-paragraph\">Zamra\u010dil jsem se.<\/p>\n\n\n\n<p class=\"wp-block-paragraph\">\u201eJak v\u00ed\u0161, \u017ee mluv\u00edm o bance?\u201c<\/p>\n\n\n\n<p class=\"wp-block-paragraph\">Nic neodpov\u011bd\u011bl.<\/p>\n\n\n\n<p class=\"wp-block-paragraph\">A tehdy mi do\u0161lo je\u0161t\u011b n\u011bco.<\/p>\n\n\n\n<p class=\"wp-block-paragraph\">Nikdy jsem mu o dopisu ne\u0159ekl.<\/p>\n\n\n\n<p class=\"wp-block-paragraph\">Nikdy.<\/p>\n\n\n\n<p class=\"wp-block-paragraph\">\u201eAndrewe\u2026\u201c ozval se ti\u0161e.<\/p>\n\n\n\n<p class=\"wp-block-paragraph\">\u201eJak to v\u00ed\u0161?\u201c<\/p>\n\n\n\n<p class=\"wp-block-paragraph\">Zav\u011bsil.<\/p>\n\n\n\n<p class=\"wp-block-paragraph\">St\u00e1l jsem uprost\u0159ed pokoje a z\u00edral na zhasnut\u00fd displej telefonu.<\/p>\n\n\n\n<p class=\"wp-block-paragraph\">O n\u011bkolik vte\u0159in pozd\u011bji zazvonil znovu.<\/p>\n\n\n\n<p class=\"wp-block-paragraph\">Tentokr\u00e1t z nezn\u00e1m\u00e9ho \u010d\u00edsla.<\/p>\n\n\n\n<p class=\"wp-block-paragraph\">P\u0159ijal jsem hovor.<\/p>\n\n\n\n<p class=\"wp-block-paragraph\">A usly\u0161el \u017eensk\u00fd hlas.<\/p>\n\n\n\n<p class=\"wp-block-paragraph\">Star\u00fd.<\/p>\n\n\n\n<p class=\"wp-block-paragraph\">Rozt\u0159esen\u00fd.<\/p>\n\n\n\n<p class=\"wp-block-paragraph\">Ale z n\u011bjak\u00e9ho d\u016fvodu bolestn\u011b zn\u00e1m\u00fd.<\/p>\n\n\n\n<p class=\"wp-block-paragraph\">\u201eAndrewe?\u201c<\/p>\n\n\n\n<p class=\"wp-block-paragraph\">Nedok\u00e1zal jsem ze sebe vydat ani slovo.<\/p>\n\n\n\n<p class=\"wp-block-paragraph\">\u201eTo jsem j\u00e1.\u201c<\/p>\n\n\n\n<p class=\"wp-block-paragraph\">Podlomila se mi kolena.<\/p>\n\n\n\n<p class=\"wp-block-paragraph\">\u201eKdo jste?\u201c<\/p>\n\n\n\n<p class=\"wp-block-paragraph\">\u017dena t\u011b\u017ece vydechla.<\/p>\n\n\n\n<p class=\"wp-block-paragraph\">A potom \u0159ekla:<\/p>\n\n\n\n<p class=\"wp-block-paragraph\">\u201eV\u00edm, co se stalo Cla\u0159e.\u201c<\/p>\n\n\n\n<p class=\"wp-block-paragraph\">Zav\u0159el jsem o\u010di.<\/p>\n\n\n\n<p class=\"wp-block-paragraph\">\u201eKdo jste?\u201c<\/p>\n\n\n\n<p class=\"wp-block-paragraph\">N\u011bkolik vte\u0159in bylo ticho.<\/p>\n\n\n\n<p class=\"wp-block-paragraph\">A pak vyslovila jm\u00e9no, kter\u00e9 jsem nesly\u0161el \u010dty\u0159icet let.<\/p>\n\n\n\n<p class=\"wp-block-paragraph\">Jm\u00e9no sv\u00e9 dcery.<\/p>\n\n\n\n<p class=\"wp-block-paragraph\">\u201eTo jsem j\u00e1, tati.\u201c<\/p>\n\n\n\n<p class=\"wp-block-paragraph\">Telefon mi vypadl z ruky.<\/p>\n\n\n\n<p class=\"wp-block-paragraph\">Proto\u017ee moje dcera, kterou p\u0159ed \u010dty\u0159iceti lety prohl\u00e1sili za mrtvou, mi pr\u00e1v\u011b zavolala.<\/p>\n\n\n\n<p class=\"wp-block-paragraph\"><strong>A ONA BYLA NA\u017dIVU.<\/strong><\/p>\n\n\n\n<p class=\"wp-block-paragraph\"><\/p>\n","protected":false},"excerpt":{"rendered":"Moje \u017eena Clara vzala na\u0161i dceru a syna na kr\u00e1tk\u00fd v\u00fdlet za svou sestrou, kter\u00e1 bydlela u oce\u00e1nu. J\u00e1 jsem tehdy m\u011bl tolik \n<a class=\"moretag\" href=\"https:\/\/chexia.info\/?p=10256\"> [...]<\/a>","protected":false},"author":1,"featured_media":10258,"comment_status":"open","ping_status":"open","sticky":false,"template":"","format":"standard","meta":{"footnotes":""},"categories":[1],"tags":[],"class_list":["post-10256","post","type-post","status-publish","format-standard","has-post-thumbnail","hentry","category-1"],"_links":{"self":[{"href":"https:\/\/chexia.info\/index.php?rest_route=\/wp\/v2\/posts\/10256","targetHints":{"allow":["GET"]}}],"collection":[{"href":"https:\/\/chexia.info\/index.php?rest_route=\/wp\/v2\/posts"}],"about":[{"href":"https:\/\/chexia.info\/index.php?rest_route=\/wp\/v2\/types\/post"}],"author":[{"embeddable":true,"href":"https:\/\/chexia.info\/index.php?rest_route=\/wp\/v2\/users\/1"}],"replies":[{"embeddable":true,"href":"https:\/\/chexia.info\/index.php?rest_route=%2Fwp%2Fv2%2Fcomments&post=10256"}],"version-history":[{"count":1,"href":"https:\/\/chexia.info\/index.php?rest_route=\/wp\/v2\/posts\/10256\/revisions"}],"predecessor-version":[{"id":10259,"href":"https:\/\/chexia.info\/index.php?rest_route=\/wp\/v2\/posts\/10256\/revisions\/10259"}],"wp:featuredmedia":[{"embeddable":true,"href":"https:\/\/chexia.info\/index.php?rest_route=\/wp\/v2\/media\/10258"}],"wp:attachment":[{"href":"https:\/\/chexia.info\/index.php?rest_route=%2Fwp%2Fv2%2Fmedia&parent=10256"}],"wp:term":[{"taxonomy":"category","embeddable":true,"href":"https:\/\/chexia.info\/index.php?rest_route=%2Fwp%2Fv2%2Fcategories&post=10256"},{"taxonomy":"post_tag","embeddable":true,"href":"https:\/\/chexia.info\/index.php?rest_route=%2Fwp%2Fv2%2Ftags&post=10256"}],"curies":[{"name":"wp","href":"https:\/\/api.w.org\/{rel}","templated":true}]}}