{"id":6559,"date":"2026-03-13T21:39:33","date_gmt":"2026-03-13T18:39:33","guid":{"rendered":"https:\/\/chexia.info\/?p=6559"},"modified":"2026-03-13T21:39:33","modified_gmt":"2026-03-13T18:39:33","slug":"na-rodinne-oslave-muj-zet-nahle-prudce-zatahl-mou-dceru-za-vlasy-jen-proto-ze-udelala-neco-spatne-jeho-otec-i-nekteri-hoste-ho-dokonce-podporili-slovy-zena-musi-znat-sve","status":"publish","type":"post","link":"https:\/\/chexia.info\/?p=6559","title":{"rendered":"Na rodinn\u00e9 oslav\u011b m\u016fj ze\u0165 n\u00e1hle prudce zat\u00e1hl mou dceru za vlasy jen proto, \u017ee ud\u011blala \u201en\u011bco \u0161patn\u011b\u201c. Jeho otec i n\u011bkte\u0159\u00ed host\u00e9 ho dokonce podpo\u0159ili slovy: \u201e\u017dena mus\u00ed zn\u00e1t sv\u00e9 m\u00edsto.\u201c \ud83d\ude22"},"content":{"rendered":"\n<p>Na rodinn\u00e9 oslav\u011b m\u016fj ze\u0165 n\u00e1hle prudce zat\u00e1hl mou dceru za vlasy jen proto, \u017ee ud\u011blala \u201en\u011bco \u0161patn\u011b\u201c. Jeho otec i n\u011bkte\u0159\u00ed host\u00e9 ho dokonce podpo\u0159ili slovy: \u201e\u017dena mus\u00ed zn\u00e1t sv\u00e9 m\u00edsto.\u201c \ud83d\ude22<\/p>\n\n\n\n<p>Moje dcera ti\u0161e plakala, ale pr\u00e1v\u011b v tu chv\u00edli jsem pochopila, \u017ee nastal \u010das postavit je v\u0161echny na jejich m\u00edsto \ud83d\ude28\ud83d\ude32<\/p>\n\n\n\n<p>Ten ve\u010der byla restaurace pln\u00e1 lid\u00ed. Luxusn\u00ed lustry jemn\u011b osv\u011btlovaly stoly, \u010d\u00ed\u0161n\u00edci ti\u0161e proch\u00e1zeli mezi hosty a u vedlej\u0161\u00edch stol\u016f se lid\u00e9 sm\u00e1li a p\u0159ip\u00edjeli si.<\/p>\n\n\n\n<p>Sed\u011bla jsem naproti sv\u00e9 dce\u0159i a sna\u017eila se sama sebe p\u0159esv\u011bd\u010dit, \u017ee je v\u0161echno v po\u0159\u00e1dku.<\/p>\n\n\n\n<p>Uvnit\u0159 m\u011b ale st\u00e1le v\u00edc rostl neklid.<\/p>\n\n\n\n<p>Moje dcera Sofie vypadala p\u0159\u00edli\u0161 napjat\u011b. Sed\u011bla rovn\u011b, t\u00e9m\u011b\u0159 se nepohnula a neust\u00e1le opatrn\u011b sledovala sv\u00e9ho man\u017eela Daniela, jako by se b\u00e1la ud\u011blat n\u011bco \u0161patn\u011b.<\/p>\n\n\n\n<p>\u010c\u00ed\u0161n\u00edk p\u0159inesl vinn\u00fd l\u00edstek a Sofie ti\u0161e vybrala jednu l\u00e1hev.<\/p>\n\n\n\n<p>\u0158ekla to klidn\u011b, t\u00e9m\u011b\u0159 \u0161eptem. A pr\u00e1v\u011b v tu chv\u00edli se v\u0161echno stalo.<\/p>\n\n\n\n<p>Daniel se n\u00e1hle prudce naklonil k n\u00ed, chytil ji za vlasy a siln\u011b j\u00ed trhl hlavou dozadu.<\/p>\n\n\n\n<p>Tak prudce, \u017ee n\u011bkolik lid\u00ed u vedlej\u0161\u00edch stol\u016f p\u0159estalo mluvit.<\/p>\n\n\n\n<p>\u2014 Co jsi to objednala? \u2014 \u0159ekl chladn\u011b. \u2014 \u0158\u00edkal jsem ti, jak\u00e9 v\u00edno m\u00e1\u0161 vz\u00edt.<\/p>\n\n\n\n<p>Sofie nek\u0159i\u010dela.<\/p>\n\n\n\n<p>Jen ti\u0161e vzlykla, zav\u0159ela o\u010di a z\u016fstala nehybn\u011b sed\u011bt, jako by se sna\u017eila tu chv\u00edli jen p\u0159e\u010dkat.<\/p>\n\n\n\n<p>Ale nejhor\u0161\u00ed nebylo tohle.<\/p>\n\n\n\n<p>Nejhor\u0161\u00ed byl zvuk potlesku.<\/p>\n\n\n\n<p>Oto\u010dila jsem hlavu a uvid\u011bla jeho otce.<\/p>\n\n\n\n<p>Otec m\u00e9ho zet\u011b sed\u011bl o st\u016fl d\u00e1l a s pobaven\u00fdm \u00fasm\u011bvem tleskal.<\/p>\n\n\n\n<p>\u2014 Tak je to spr\u00e1vn\u011b, synku, \u2014 \u0159ekl nahlas. \u2014 \u017dena mus\u00ed zn\u00e1t sv\u00e9 m\u00edsto.<\/p>\n\n\n\n<p>V tu chv\u00edli se ve mn\u011b n\u011bco definitivn\u011b zlomilo.<\/p>\n\n\n\n<p>Pades\u00e1t osm let jsem se sna\u017eila vyh\u00fdbat konflikt\u016fm, v\u0161echno uhlazovat a udr\u017eovat rodinn\u00fd klid.<\/p>\n\n\n\n<p>Ale ten ve\u010der to skon\u010dilo.<\/p>\n\n\n\n<p>Pomalu jsem vstala. \u017didle hlasit\u011b zask\u0159\u00edpala o podlahu a mnoho host\u016f se oto\u010dilo na\u0161\u00edm sm\u011brem.<\/p>\n\n\n\n<p>Nepod\u00edvala jsem se ani na Daniela, ani na jeho otce.<\/p>\n\n\n\n<p>Jen jsem vzala svou dceru za ruku.<\/p>\n\n\n\n<p>\u2014 Vsta\u0148, Sofie. Odch\u00e1z\u00edme.<\/p>\n\n\n\n<p>Vyd\u011b\u0161en\u011b se na m\u011b pod\u00edvala.<\/p>\n\n\n\n<p>\u2014 Mami, pros\u00edm\u2026 \u2014 za\u0161eptala ti\u0161e. \u2014 On m\u00e1 jen \u0161patn\u00fd den.<\/p>\n\n\n\n<p>Beze slova jsem ji chytila za ruk\u00e1v a jemn\u011b vyhrnula l\u00e1tku jej\u00edch \u0161at\u016f.<\/p>\n\n\n\n<p>A tehdy bylo v\u0161echno jasn\u00e9.<\/p>\n\n\n\n<p>Pod tenk\u00fdm hedv\u00e1b\u00edm byly mod\u0159iny.<\/p>\n\n\n\n<p>Star\u00e9 i nov\u00e9.<\/p>\n\n\n\n<p>Fialov\u00e9, \u017elut\u00e9 i nazelenal\u00e9.<\/p>\n\n\n\n<p>Restaurac\u00ed se rozlehl t\u011b\u017ek\u00fd \u0161epot.<\/p>\n\n\n\n<p>Daniel n\u00e1hle pustil jej\u00ed vlasy a klidn\u011b si upravil sako.<\/p>\n\n\n\n<p>\u2014 Jen spadla ze schod\u016f, \u2014 \u0159ekl chladn\u011b. \u2014 Narisso, poslouchejte m\u011b pozorn\u011b. Pokud ji te\u010f odtud odvedete, z\u00edtra pod\u00e1m \u017e\u00e1dost o plnou p\u00e9\u010di o Matthewa. M\u00e1m dost pr\u00e1vn\u00edk\u016f, abych ten p\u0159\u00edpad vyhr\u00e1l. Sv\u00e9ho vnuka u\u017e nikdy neuvid\u00edte.<\/p>\n\n\n\n<p>Sofie zbledla.<\/p>\n\n\n\n<p>C\u00edtila jsem, jak se jej\u00ed ruka v m\u00e9 dlani za\u010dala t\u0159\u00e1st.<\/p>\n\n\n\n<p>Pomalu uvolnila prsty.<\/p>\n\n\n\n<figure class=\"wp-block-image size-full\"><img loading=\"lazy\" decoding=\"async\" width=\"691\" height=\"649\" src=\"https:\/\/chexia.info\/wp-content\/uploads\/2026\/03\/12.png\" alt=\"\" class=\"wp-image-6560\" srcset=\"https:\/\/chexia.info\/wp-content\/uploads\/2026\/03\/12.png 691w, https:\/\/chexia.info\/wp-content\/uploads\/2026\/03\/12-300x282.png 300w\" sizes=\"auto, (max-width: 691px) 100vw, 691px\" \/><\/figure>\n\n\n\n<p>\u2014 Jdi, mami\u2026 \u2014 za\u0161eptala. \u2014 Pros\u00edm\u2026 jen jdi.<\/p>\n\n\n\n<p>Vy\u0161la jsem z restaurace do studen\u00e9ho de\u0161t\u011b. Ruce se mi t\u0159\u00e1sly tak siln\u011b, \u017ee jsem sotva dok\u00e1zala otev\u0159\u00edt auto.<\/p>\n\n\n\n<p>Sedla jsem si za volant a sna\u017eila se uklidnit.<\/p>\n\n\n\n<p>V tu chv\u00edli m\u016fj telefon ti\u0161e zavibroval.<\/p>\n\n\n\n<p>P\u0159i\u0161la zpr\u00e1va z nezn\u00e1m\u00e9ho \u010d\u00edsla.<\/p>\n\n\n\n<p>\u201eDr\u017ete se d\u00e1l od m\u00e9 rodiny. Zanepr\u00e1zdn\u011bn\u00fdm lidem se n\u011bkdy st\u00e1vaj\u00ed nehody. Berte to jako jedin\u00e9 varov\u00e1n\u00ed.\u201c<\/p>\n\n\n\n<p>Pomalu jsem zvedla hlavu a pod\u00edvala se do zp\u011btn\u00e9ho zrc\u00e1tka.<\/p>\n\n\n\n<p>A v tu chv\u00edli jsem pochopila jednu jednoduchou v\u011bc.<\/p>\n\n\n\n<p>Tohle u\u017e nebyl jen rodinn\u00fd konflikt.<\/p>\n\n\n\n<p>Musela jsem n\u011bco ud\u011blat a zachr\u00e1nit svou dceru. \ud83d\ude22<br>A tady je to, co jsem ud\u011blala.<\/p>\n\n\n\n<p>Pokra\u010dov\u00e1n\u00ed p\u0159\u00edb\u011bhu najdete v prvn\u00edm koment\u00e1\u0159i \ud83d\udc47\ud83d\udc47<\/p>\n\n\n\n<hr class=\"wp-block-separator has-alpha-channel-opacity\"\/>\n\n\n\n<p>O t\u0159i dny pozd\u011bji zastavila p\u0159ed kancel\u00e1\u0159\u00ed Daniela dv\u011b policejn\u00ed auta.<\/p>\n\n\n\n<p>Pr\u00e1v\u011b vych\u00e1zel z budovy v drah\u00e9m obleku a telefonoval, ani\u017e by tu\u0161il, co se d\u011bje.<\/p>\n\n\n\n<p>Policist\u00e9 k n\u011bmu klidn\u011b p\u0159istoupili a po\u017e\u00e1dali ho, aby \u0161el s nimi.<\/p>\n\n\n\n<p>Nejd\u0159\u00edv se usm\u00edval, p\u0159esv\u011bd\u010den\u00fd, \u017ee jde o n\u011bjak\u00e9 nedorozum\u011bn\u00ed.<\/p>\n\n\n\n<p>Ale kdy\u017e mu p\u0159e\u010detli obvin\u011bn\u00ed, jeho v\u00fdraz se okam\u017eit\u011b zm\u011bnil.<\/p>\n\n\n\n<p>Finan\u010dn\u00ed podvody.<br>Pad\u011bl\u00e1n\u00ed dokument\u016f.<br>Neleg\u00e1ln\u00ed p\u0159evody pen\u011bz p\u0159es nastr\u010den\u00e9 firmy.<\/p>\n\n\n\n<p>Za\u010dala jsem se o n\u011bj zaj\u00edmat hned po tom ve\u010deru v restauraci.<\/p>\n\n\n\n<p>T\u00fddny jsem shroma\u017e\u010fovala dokumenty, zpr\u00e1vy, bankovn\u00ed v\u00fdpisy i sv\u011bdectv\u00ed lid\u00ed, kte\u0159\u00ed se d\u0159\u00edve b\u00e1li promluvit.<\/p>\n\n\n\n<p>Kdy\u017e bylo d\u016fkaz\u016f dost, p\u0159edala jsem v\u0161echno pr\u00e1vn\u00edk\u016fm a vy\u0161et\u0159ovatel\u016fm.<\/p>\n\n\n\n<p>A to sta\u010dilo.<\/p>\n\n\n\n<p>P\u0159\u00edpad je te\u010f u soudu.<\/p>\n\n\n\n<p>A Danielovi hroz\u00ed p\u011bt a\u017e sedm let v\u011bzen\u00ed.<\/p>\n","protected":false},"excerpt":{"rendered":"Na rodinn\u00e9 oslav\u011b m\u016fj ze\u0165 n\u00e1hle prudce zat\u00e1hl mou dceru za vlasy jen proto, \u017ee ud\u011blala \u201en\u011bco \u0161patn\u011b\u201c. Jeho otec i n\u011bkte\u0159\u00ed host\u00e9 \n<a class=\"moretag\" href=\"https:\/\/chexia.info\/?p=6559\"> [...]<\/a>","protected":false},"author":1,"featured_media":6560,"comment_status":"open","ping_status":"open","sticky":false,"template":"","format":"standard","meta":{"footnotes":""},"categories":[1],"tags":[],"class_list":["post-6559","post","type-post","status-publish","format-standard","has-post-thumbnail","hentry","category-1"],"_links":{"self":[{"href":"https:\/\/chexia.info\/index.php?rest_route=\/wp\/v2\/posts\/6559","targetHints":{"allow":["GET"]}}],"collection":[{"href":"https:\/\/chexia.info\/index.php?rest_route=\/wp\/v2\/posts"}],"about":[{"href":"https:\/\/chexia.info\/index.php?rest_route=\/wp\/v2\/types\/post"}],"author":[{"embeddable":true,"href":"https:\/\/chexia.info\/index.php?rest_route=\/wp\/v2\/users\/1"}],"replies":[{"embeddable":true,"href":"https:\/\/chexia.info\/index.php?rest_route=%2Fwp%2Fv2%2Fcomments&post=6559"}],"version-history":[{"count":1,"href":"https:\/\/chexia.info\/index.php?rest_route=\/wp\/v2\/posts\/6559\/revisions"}],"predecessor-version":[{"id":6561,"href":"https:\/\/chexia.info\/index.php?rest_route=\/wp\/v2\/posts\/6559\/revisions\/6561"}],"wp:featuredmedia":[{"embeddable":true,"href":"https:\/\/chexia.info\/index.php?rest_route=\/wp\/v2\/media\/6560"}],"wp:attachment":[{"href":"https:\/\/chexia.info\/index.php?rest_route=%2Fwp%2Fv2%2Fmedia&parent=6559"}],"wp:term":[{"taxonomy":"category","embeddable":true,"href":"https:\/\/chexia.info\/index.php?rest_route=%2Fwp%2Fv2%2Fcategories&post=6559"},{"taxonomy":"post_tag","embeddable":true,"href":"https:\/\/chexia.info\/index.php?rest_route=%2Fwp%2Fv2%2Ftags&post=6559"}],"curies":[{"name":"wp","href":"https:\/\/api.w.org\/{rel}","templated":true}]}}